{"id":6302,"date":"2020-03-02T09:40:36","date_gmt":"2020-03-02T08:40:36","guid":{"rendered":"https:\/\/iesplazadelacruz.educacion.navarra.es\/web1\/?p=6302"},"modified":"2020-03-02T09:40:37","modified_gmt":"2020-03-02T08:40:37","slug":"yo-quiero-ser-cientifica","status":"publish","type":"post","link":"https:\/\/iesplazadelacruz.educacion.navarra.es\/web1\/blog\/2020\/03\/02\/yo-quiero-ser-cientifica\/","title":{"rendered":"\u00abYo quiero ser cient\u00edfica\u00bb"},"content":{"rendered":"\n<p>El pasado 19 de febrero los alumnos de 1\u00ba de ESO-UCE han visitado el planetario de Pamplona para asistir a la obra de teatro: Yo quiero ser cient\u00edfica. La obra es interpretada por investigadoras que han estudiado y desarrollan su trabajo en la Universidad P\u00fablica de Navarra. Esta obra busca visibilizar modelos para que las ni\u00f1as puedan identificarse e inspirarse, con el fin de incrementar su inter\u00e9s por la ciencia y la tecnolog\u00eda. Para ello las propias investigadoras dan vida a dichos personajes hist\u00f3ricos. <\/p>\n","protected":false},"excerpt":{"rendered":"<p>El pasado 19 de febrero los alumnos de 1\u00ba de ESO-UCE han visitado el planetario de Pamplona para asistir a la obra de teatro: Yo quiero ser cient\u00edfica. La obra es interpretada por investigadoras que han estudiado y desarrollan su trabajo en la Universidad P\u00fablica de Navarra. Esta obra busca visibilizar modelos para que las [&hellip;]<\/p>\n","protected":false},"author":1,"featured_media":6303,"comment_status":"open","ping_status":"open","sticky":false,"template":"","format":"standard","meta":{"_genesis_hide_title":false,"_genesis_hide_breadcrumbs":false,"_genesis_hide_singular_image":false,"_genesis_hide_footer_widgets":false,"_genesis_custom_body_class":"","_genesis_custom_post_class":"","_genesis_layout":"","footnotes":""},"categories":[1],"tags":[],"class_list":{"0":"post-6302","1":"post","2":"type-post","3":"status-publish","4":"format-standard","5":"has-post-thumbnail","7":"category-noticias","8":"entry"},"featured_image_src":"https:\/\/iesplazadelacruz.educacion.navarra.es\/web1\/wp-content\/uploads\/2020\/03\/20200219_100049.jpg","featured_image_src_square":"https:\/\/iesplazadelacruz.educacion.navarra.es\/web1\/wp-content\/uploads\/2020\/03\/20200219_100049.jpg","author_info":{"display_name":"Administrador","author_link":"https:\/\/iesplazadelacruz.educacion.navarra.es\/web1\/blog\/author\/adminwpiesplaza\/"},"_links":{"self":[{"href":"https:\/\/iesplazadelacruz.educacion.navarra.es\/web1\/wp-json\/wp\/v2\/posts\/6302","targetHints":{"allow":["GET"]}}],"collection":[{"href":"https:\/\/iesplazadelacruz.educacion.navarra.es\/web1\/wp-json\/wp\/v2\/posts"}],"about":[{"href":"https:\/\/iesplazadelacruz.educacion.navarra.es\/web1\/wp-json\/wp\/v2\/types\/post"}],"author":[{"embeddable":true,"href":"https:\/\/iesplazadelacruz.educacion.navarra.es\/web1\/wp-json\/wp\/v2\/users\/1"}],"replies":[{"embeddable":true,"href":"https:\/\/iesplazadelacruz.educacion.navarra.es\/web1\/wp-json\/wp\/v2\/comments?post=6302"}],"version-history":[{"count":1,"href":"https:\/\/iesplazadelacruz.educacion.navarra.es\/web1\/wp-json\/wp\/v2\/posts\/6302\/revisions"}],"predecessor-version":[{"id":6304,"href":"https:\/\/iesplazadelacruz.educacion.navarra.es\/web1\/wp-json\/wp\/v2\/posts\/6302\/revisions\/6304"}],"wp:featuredmedia":[{"embeddable":true,"href":"https:\/\/iesplazadelacruz.educacion.navarra.es\/web1\/wp-json\/wp\/v2\/media\/6303"}],"wp:attachment":[{"href":"https:\/\/iesplazadelacruz.educacion.navarra.es\/web1\/wp-json\/wp\/v2\/media?parent=6302"}],"wp:term":[{"taxonomy":"category","embeddable":true,"href":"https:\/\/iesplazadelacruz.educacion.navarra.es\/web1\/wp-json\/wp\/v2\/categories?post=6302"},{"taxonomy":"post_tag","embeddable":true,"href":"https:\/\/iesplazadelacruz.educacion.navarra.es\/web1\/wp-json\/wp\/v2\/tags?post=6302"}],"curies":[{"name":"wp","href":"https:\/\/api.w.org\/{rel}","templated":true}]}}