{"id":5841,"date":"2019-11-21T09:43:42","date_gmt":"2019-11-21T08:43:42","guid":{"rendered":"https:\/\/iesplazadelacruz.educacion.navarra.es\/web1\/?p=5841"},"modified":"2025-06-25T09:56:06","modified_gmt":"2025-06-25T07:56:06","slug":"puesnolohagas","status":"publish","type":"post","link":"https:\/\/iesplazadelacruz.educacion.navarra.es\/web1\/blog\/2019\/11\/21\/puesnolohagas\/","title":{"rendered":"#PuesNoLoHagas"},"content":{"rendered":"\n<ul class=\"wp-block-list\"><li><a rel=\"noreferrer noopener\" aria-label=\"Campa\u00f1as y materiales (se abre en una nueva pesta\u00f1a)\" href=\"http:\/\/www.violenciagenero.igualdad.mpr.gob.es\/sensibilizacionConcienciacion\/campannas\/home.htm\" target=\"_blank\">Campa\u00f1as y materiales<\/a> de sensibilizaci\u00f3n de la Delegaci\u00f3n del Gobierno para la Violencia de G\u00e9nero.<\/li><li><a rel=\"noreferrer noopener\" aria-label=\"Pues no lo hagas, el amor no es control (se abre en una nueva pesta\u00f1a)\" href=\"https:\/\/www.youtube.com\/watch?v=sSr0Sq8RbSI\" target=\"_blank\">Pues no lo hagas, el amor no es control<\/a><\/li><li><a rel=\"noreferrer noopener\" aria-label=\"No mires a otro lado (se abre en una nueva pesta\u00f1a)\" href=\"https:\/\/www.youtube.com\/watch?v=Y3EiEwttn6U\" target=\"_blank\">No mires a otro lado<\/a><\/li><li><a rel=\"noreferrer noopener\" aria-label=\"Amoratando canciones (se abre en una nueva pesta\u00f1a)\" href=\"https:\/\/www.youtube.com\/watch?v=YQEpOeV5Up4\" target=\"_blank\">Amoratando canciones<\/a><\/li><li><a href=\"https:\/\/www.youtube.com\/watch?v=VzW1bgMLjQY\" target=\"_blank\" rel=\"noreferrer noopener\" aria-label=\"S\u00f3lo quiero bailar (se abre en una nueva pesta\u00f1a)\">S\u00f3lo quiero bailar<\/a><\/li><\/ul>\n\n\n\n<div class=\"wp-block-image\"><figure class=\"aligncenter size-large\"><img loading=\"lazy\" decoding=\"async\" width=\"724\" height=\"1024\" src=\"https:\/\/iesplazadelacruz.educacion.navarra.es\/web1\/wp-content\/uploads\/2019\/11\/Gra\u0301fica-Violencia-de-Ge\u0301nero-castellano-724x1024.jpg\" alt=\"\" class=\"wp-image-5842\" srcset=\"https:\/\/iesplazadelacruz.educacion.navarra.es\/web1\/wp-content\/uploads\/2019\/11\/Gra\u0301fica-Violencia-de-Ge\u0301nero-castellano-724x1024.jpg 724w, https:\/\/iesplazadelacruz.educacion.navarra.es\/web1\/wp-content\/uploads\/2019\/11\/Gra\u0301fica-Violencia-de-Ge\u0301nero-castellano-212x300.jpg 212w, https:\/\/iesplazadelacruz.educacion.navarra.es\/web1\/wp-content\/uploads\/2019\/11\/Gra\u0301fica-Violencia-de-Ge\u0301nero-castellano-768x1086.jpg 768w, https:\/\/iesplazadelacruz.educacion.navarra.es\/web1\/wp-content\/uploads\/2019\/11\/Gra\u0301fica-Violencia-de-Ge\u0301nero-castellano-1086x1536.jpg 1086w, https:\/\/iesplazadelacruz.educacion.navarra.es\/web1\/wp-content\/uploads\/2019\/11\/Gra\u0301fica-Violencia-de-Ge\u0301nero-castellano.jpg 1216w\" sizes=\"auto, (max-width: 724px) 100vw, 724px\" \/><\/figure><\/div>\n\n\n\n<div class=\"wp-block-image\"><figure class=\"aligncenter size-large\"><img loading=\"lazy\" decoding=\"async\" width=\"609\" height=\"850\" src=\"https:\/\/iesplazadelacruz.educacion.navarra.es\/web1\/wp-content\/uploads\/2019\/11\/cartel_0.jpg\" alt=\"\" class=\"wp-image-5843\" srcset=\"https:\/\/iesplazadelacruz.educacion.navarra.es\/web1\/wp-content\/uploads\/2019\/11\/cartel_0.jpg 609w, https:\/\/iesplazadelacruz.educacion.navarra.es\/web1\/wp-content\/uploads\/2019\/11\/cartel_0-215x300.jpg 215w\" sizes=\"auto, (max-width: 609px) 100vw, 609px\" \/><\/figure><\/div>\n","protected":false},"excerpt":{"rendered":"<p>Campa\u00f1as y materiales de sensibilizaci\u00f3n de la Delegaci\u00f3n del Gobierno para la Violencia de G\u00e9nero. Pues no lo hagas, el amor no es control No mires a otro lado Amoratando canciones S\u00f3lo quiero bailar<\/p>\n","protected":false},"author":1,"featured_media":5848,"comment_status":"open","ping_status":"open","sticky":false,"template":"","format":"standard","meta":{"_genesis_hide_title":false,"_genesis_hide_breadcrumbs":false,"_genesis_hide_singular_image":false,"_genesis_hide_footer_widgets":false,"_genesis_custom_body_class":"","_genesis_custom_post_class":"","_genesis_layout":"","footnotes":""},"categories":[1],"tags":[],"class_list":{"0":"post-5841","1":"post","2":"type-post","3":"status-publish","4":"format-standard","5":"has-post-thumbnail","7":"category-noticias","8":"entry"},"featured_image_src":"https:\/\/iesplazadelacruz.educacion.navarra.es\/web1\/wp-content\/uploads\/2019\/11\/Pues-no-lo-hagas-3.jpg","featured_image_src_square":"https:\/\/iesplazadelacruz.educacion.navarra.es\/web1\/wp-content\/uploads\/2019\/11\/Pues-no-lo-hagas-3.jpg","author_info":{"display_name":"Administrador","author_link":"https:\/\/iesplazadelacruz.educacion.navarra.es\/web1\/blog\/author\/adminwpiesplaza\/"},"_links":{"self":[{"href":"https:\/\/iesplazadelacruz.educacion.navarra.es\/web1\/wp-json\/wp\/v2\/posts\/5841","targetHints":{"allow":["GET"]}}],"collection":[{"href":"https:\/\/iesplazadelacruz.educacion.navarra.es\/web1\/wp-json\/wp\/v2\/posts"}],"about":[{"href":"https:\/\/iesplazadelacruz.educacion.navarra.es\/web1\/wp-json\/wp\/v2\/types\/post"}],"author":[{"embeddable":true,"href":"https:\/\/iesplazadelacruz.educacion.navarra.es\/web1\/wp-json\/wp\/v2\/users\/1"}],"replies":[{"embeddable":true,"href":"https:\/\/iesplazadelacruz.educacion.navarra.es\/web1\/wp-json\/wp\/v2\/comments?post=5841"}],"version-history":[{"count":2,"href":"https:\/\/iesplazadelacruz.educacion.navarra.es\/web1\/wp-json\/wp\/v2\/posts\/5841\/revisions"}],"predecessor-version":[{"id":5868,"href":"https:\/\/iesplazadelacruz.educacion.navarra.es\/web1\/wp-json\/wp\/v2\/posts\/5841\/revisions\/5868"}],"wp:featuredmedia":[{"embeddable":true,"href":"https:\/\/iesplazadelacruz.educacion.navarra.es\/web1\/wp-json\/wp\/v2\/media\/5848"}],"wp:attachment":[{"href":"https:\/\/iesplazadelacruz.educacion.navarra.es\/web1\/wp-json\/wp\/v2\/media?parent=5841"}],"wp:term":[{"taxonomy":"category","embeddable":true,"href":"https:\/\/iesplazadelacruz.educacion.navarra.es\/web1\/wp-json\/wp\/v2\/categories?post=5841"},{"taxonomy":"post_tag","embeddable":true,"href":"https:\/\/iesplazadelacruz.educacion.navarra.es\/web1\/wp-json\/wp\/v2\/tags?post=5841"}],"curies":[{"name":"wp","href":"https:\/\/api.w.org\/{rel}","templated":true}]}}