{"id":2155,"date":"2017-05-03T12:22:28","date_gmt":"2017-05-03T10:22:28","guid":{"rendered":"http:\/\/iesplazadelacruz.educacion.navarra.es\/web1\/?p=2155"},"modified":"2017-05-03T12:22:28","modified_gmt":"2017-05-03T10:22:28","slug":"musiqueando-2","status":"publish","type":"post","link":"https:\/\/iesplazadelacruz.educacion.navarra.es\/web1\/blog\/2017\/05\/03\/musiqueando-2\/","title":{"rendered":"Musiqueando"},"content":{"rendered":"<p>El pasado jueves 27, alumnos de 3\u00ba, 4\u00ba ESO y 1\u00ba y 2\u00ba de Bachillerato de AAEE participaron en una convocatoria a nivel nacional denominada <em>Musiqueando<\/em> en la que 21.400 alumnos de m\u00e1s de 200 centros escolares de todo el pa\u00eds, reivindican la importancia de la educaci\u00f3n musical sacando la m\u00fasica a la calle. \u00a1Gracias a todos por participar!<\/p>\n","protected":false},"excerpt":{"rendered":"<p>El pasado jueves 27, alumnos de 3\u00ba, 4\u00ba ESO y 1\u00ba y 2\u00ba de Bachillerato de AAEE participaron en una convocatoria a nivel nacional denominada Musiqueando en la que 21.400 alumnos de m\u00e1s de 200 centros escolares de todo el pa\u00eds, reivindican la importancia de la educaci\u00f3n musical sacando la m\u00fasica a la calle. \u00a1Gracias [&hellip;]<\/p>\n","protected":false},"author":1,"featured_media":0,"comment_status":"open","ping_status":"open","sticky":false,"template":"","format":"standard","meta":{"_genesis_hide_title":false,"_genesis_hide_breadcrumbs":false,"_genesis_hide_singular_image":false,"_genesis_hide_footer_widgets":false,"_genesis_custom_body_class":"","_genesis_custom_post_class":"","_genesis_layout":"","footnotes":""},"categories":[1],"tags":[],"class_list":{"0":"post-2155","1":"post","2":"type-post","3":"status-publish","4":"format-standard","6":"category-noticias","7":"entry"},"featured_image_src":null,"featured_image_src_square":null,"author_info":{"display_name":"Administrador","author_link":"https:\/\/iesplazadelacruz.educacion.navarra.es\/web1\/blog\/author\/adminwpiesplaza\/"},"_links":{"self":[{"href":"https:\/\/iesplazadelacruz.educacion.navarra.es\/web1\/wp-json\/wp\/v2\/posts\/2155","targetHints":{"allow":["GET"]}}],"collection":[{"href":"https:\/\/iesplazadelacruz.educacion.navarra.es\/web1\/wp-json\/wp\/v2\/posts"}],"about":[{"href":"https:\/\/iesplazadelacruz.educacion.navarra.es\/web1\/wp-json\/wp\/v2\/types\/post"}],"author":[{"embeddable":true,"href":"https:\/\/iesplazadelacruz.educacion.navarra.es\/web1\/wp-json\/wp\/v2\/users\/1"}],"replies":[{"embeddable":true,"href":"https:\/\/iesplazadelacruz.educacion.navarra.es\/web1\/wp-json\/wp\/v2\/comments?post=2155"}],"version-history":[{"count":1,"href":"https:\/\/iesplazadelacruz.educacion.navarra.es\/web1\/wp-json\/wp\/v2\/posts\/2155\/revisions"}],"predecessor-version":[{"id":2157,"href":"https:\/\/iesplazadelacruz.educacion.navarra.es\/web1\/wp-json\/wp\/v2\/posts\/2155\/revisions\/2157"}],"wp:attachment":[{"href":"https:\/\/iesplazadelacruz.educacion.navarra.es\/web1\/wp-json\/wp\/v2\/media?parent=2155"}],"wp:term":[{"taxonomy":"category","embeddable":true,"href":"https:\/\/iesplazadelacruz.educacion.navarra.es\/web1\/wp-json\/wp\/v2\/categories?post=2155"},{"taxonomy":"post_tag","embeddable":true,"href":"https:\/\/iesplazadelacruz.educacion.navarra.es\/web1\/wp-json\/wp\/v2\/tags?post=2155"}],"curies":[{"name":"wp","href":"https:\/\/api.w.org\/{rel}","templated":true}]}}