{"id":15525,"date":"2025-10-02T14:26:09","date_gmt":"2025-10-02T12:26:09","guid":{"rendered":"https:\/\/iesplazadelacruz.educacion.navarra.es\/web1\/?p=15525"},"modified":"2025-10-02T14:26:09","modified_gmt":"2025-10-02T12:26:09","slug":"intercambio-con-alemania-4","status":"publish","type":"post","link":"https:\/\/iesplazadelacruz.educacion.navarra.es\/web1\/blog\/2025\/10\/02\/intercambio-con-alemania-4\/","title":{"rendered":"Intercambio con Alemania"},"content":{"rendered":"\n<p>Durante la semana del <strong>22 al 29 de septiembre<\/strong>, un grupo de alumnos y alumnas de 3\u00ba de ESO particip\u00f3 en el intercambio con el instituto <strong>Europaschule Humboldt Gymnasium<\/strong>, en Gifhorn (Alemania).<\/p>\n\n\n\n<p>Nuestros compa\u00f1eros alemanes prepararon un completo programa de excursiones y actividades, entre ellas la visita al <strong>Ayuntamiento de Gifhorn<\/strong>, donde fuimos recibidos por el alcalde y los estudiantes tuvieron la oportunidad de plantearle preguntas. Tambi\u00e9n realizamos una salida a <strong>Hannover<\/strong>, donde los chicos participaron en una gincana por la ciudad.&nbsp;<\/p>\n\n\n\n<p>En el \u00faltimo d\u00eda del intercambio, se organiz\u00f3 un <strong>torneo deportivo<\/strong> en el instituto y, como despedida, compartimos una comida en sus instalaciones.<\/p>\n\n\n\n<p>Estamos deseando empezar a preparar la visita de nuestros compa\u00f1eros alemanes, a quienes esperamos con mucha ilusi\u00f3n.<\/p>\n\n\n\n<!--more-->\n\n\n\n<p>In der Woche vom <strong>22. bis 29. September<\/strong> hat eine Gruppe von Sch\u00fcler<strong>I<\/strong>nnen der 9. Klasse am Sch\u00fcleraustausch mit der <strong>Europaschule Humboldt Gymnasium<\/strong> in Gifhorn teilgenommen.<\/p>\n\n\n\n<p>Unsere deutschen Partner organisierten ein abwechslungsreiches Programm mit Ausfl\u00fcgen und Aktivit\u00e4ten. So konnten wir das Gifhorner Rathaus, in dem uns der B\u00fcrgermeister empfing, besuchen.&nbsp; Wir besichtigten auch <strong>Hannover<\/strong>. Dort nahmen die Sch\u00fclerinnen und Sch\u00fcler an einer Stadtrally teil, wo sie verschiedene R\u00e4tsel l\u00f6sen mussten.<\/p>\n\n\n\n<figure class=\"wp-block-image size-large\"><img loading=\"lazy\" decoding=\"async\" width=\"768\" height=\"1024\" src=\"https:\/\/iesplazadelacruz.educacion.navarra.es\/web1\/wp-content\/uploads\/2025\/10\/IMG-20250923-WA0027-768x1024.jpg\" alt=\"\" class=\"wp-image-15529\" srcset=\"https:\/\/iesplazadelacruz.educacion.navarra.es\/web1\/wp-content\/uploads\/2025\/10\/IMG-20250923-WA0027-768x1024.jpg 768w, https:\/\/iesplazadelacruz.educacion.navarra.es\/web1\/wp-content\/uploads\/2025\/10\/IMG-20250923-WA0027-225x300.jpg 225w, https:\/\/iesplazadelacruz.educacion.navarra.es\/web1\/wp-content\/uploads\/2025\/10\/IMG-20250923-WA0027-1152x1536.jpg 1152w, https:\/\/iesplazadelacruz.educacion.navarra.es\/web1\/wp-content\/uploads\/2025\/10\/IMG-20250923-WA0027.jpg 1200w\" sizes=\"auto, (max-width: 768px) 100vw, 768px\" \/><\/figure>\n\n\n\n<p>Am letzten Tag des Austauschs fand am Gymnasium ein <strong>Sportturnier<\/strong> statt, und zum Abschied haben wir dort gemeinsam gegessen.<\/p>\n\n\n\n<p>Nun freuen wir uns sehr darauf, den Gegenbesuch unserer deutschen Freunde zu organisieren und freuen uns schon sehr auf ihren Besuch im Fr\u00fchjahr!<\/p>\n\n\n\n<figure class=\"wp-block-image size-large\"><img loading=\"lazy\" decoding=\"async\" width=\"1024\" height=\"768\" src=\"https:\/\/iesplazadelacruz.educacion.navarra.es\/web1\/wp-content\/uploads\/2025\/10\/IMG-20250922-WA0002-1-1024x768.jpg\" alt=\"\" class=\"wp-image-15530\" srcset=\"https:\/\/iesplazadelacruz.educacion.navarra.es\/web1\/wp-content\/uploads\/2025\/10\/IMG-20250922-WA0002-1-1024x768.jpg 1024w, https:\/\/iesplazadelacruz.educacion.navarra.es\/web1\/wp-content\/uploads\/2025\/10\/IMG-20250922-WA0002-1-300x225.jpg 300w, https:\/\/iesplazadelacruz.educacion.navarra.es\/web1\/wp-content\/uploads\/2025\/10\/IMG-20250922-WA0002-1-768x576.jpg 768w, https:\/\/iesplazadelacruz.educacion.navarra.es\/web1\/wp-content\/uploads\/2025\/10\/IMG-20250922-WA0002-1-1536x1152.jpg 1536w, https:\/\/iesplazadelacruz.educacion.navarra.es\/web1\/wp-content\/uploads\/2025\/10\/IMG-20250922-WA0002-1.jpg 1600w\" sizes=\"auto, (max-width: 1024px) 100vw, 1024px\" \/><\/figure>\n","protected":false},"excerpt":{"rendered":"<p>Durante la semana del 22 al 29 de septiembre, un grupo de alumnos y alumnas de 3\u00ba de ESO particip\u00f3 en el intercambio con el instituto Europaschule Humboldt Gymnasium, en Gifhorn (Alemania). Nuestros compa\u00f1eros alemanes prepararon un completo programa de excursiones y actividades, entre ellas la visita al Ayuntamiento de Gifhorn, donde fuimos recibidos por [&hellip;]<\/p>\n","protected":false},"author":1,"featured_media":15528,"comment_status":"open","ping_status":"open","sticky":false,"template":"","format":"standard","meta":{"_genesis_hide_title":false,"_genesis_hide_breadcrumbs":false,"_genesis_hide_singular_image":false,"_genesis_hide_footer_widgets":false,"_genesis_custom_body_class":"","_genesis_custom_post_class":"","_genesis_layout":"","footnotes":""},"categories":[1],"tags":[],"class_list":{"0":"post-15525","1":"post","2":"type-post","3":"status-publish","4":"format-standard","5":"has-post-thumbnail","7":"category-noticias","8":"entry"},"featured_image_src":"https:\/\/iesplazadelacruz.educacion.navarra.es\/web1\/wp-content\/uploads\/2025\/10\/IMG-20250923-WA0006-600x400.jpg","featured_image_src_square":"https:\/\/iesplazadelacruz.educacion.navarra.es\/web1\/wp-content\/uploads\/2025\/10\/IMG-20250923-WA0006-600x600.jpg","author_info":{"display_name":"Administrador","author_link":"https:\/\/iesplazadelacruz.educacion.navarra.es\/web1\/blog\/author\/adminwpiesplaza\/"},"_links":{"self":[{"href":"https:\/\/iesplazadelacruz.educacion.navarra.es\/web1\/wp-json\/wp\/v2\/posts\/15525","targetHints":{"allow":["GET"]}}],"collection":[{"href":"https:\/\/iesplazadelacruz.educacion.navarra.es\/web1\/wp-json\/wp\/v2\/posts"}],"about":[{"href":"https:\/\/iesplazadelacruz.educacion.navarra.es\/web1\/wp-json\/wp\/v2\/types\/post"}],"author":[{"embeddable":true,"href":"https:\/\/iesplazadelacruz.educacion.navarra.es\/web1\/wp-json\/wp\/v2\/users\/1"}],"replies":[{"embeddable":true,"href":"https:\/\/iesplazadelacruz.educacion.navarra.es\/web1\/wp-json\/wp\/v2\/comments?post=15525"}],"version-history":[{"count":2,"href":"https:\/\/iesplazadelacruz.educacion.navarra.es\/web1\/wp-json\/wp\/v2\/posts\/15525\/revisions"}],"predecessor-version":[{"id":15531,"href":"https:\/\/iesplazadelacruz.educacion.navarra.es\/web1\/wp-json\/wp\/v2\/posts\/15525\/revisions\/15531"}],"wp:featuredmedia":[{"embeddable":true,"href":"https:\/\/iesplazadelacruz.educacion.navarra.es\/web1\/wp-json\/wp\/v2\/media\/15528"}],"wp:attachment":[{"href":"https:\/\/iesplazadelacruz.educacion.navarra.es\/web1\/wp-json\/wp\/v2\/media?parent=15525"}],"wp:term":[{"taxonomy":"category","embeddable":true,"href":"https:\/\/iesplazadelacruz.educacion.navarra.es\/web1\/wp-json\/wp\/v2\/categories?post=15525"},{"taxonomy":"post_tag","embeddable":true,"href":"https:\/\/iesplazadelacruz.educacion.navarra.es\/web1\/wp-json\/wp\/v2\/tags?post=15525"}],"curies":[{"name":"wp","href":"https:\/\/api.w.org\/{rel}","templated":true}]}}