{"id":15319,"date":"2025-05-22T16:03:07","date_gmt":"2025-05-22T14:03:07","guid":{"rendered":"https:\/\/iesplazadelacruz.educacion.navarra.es\/web1\/?p=15319"},"modified":"2025-06-02T12:28:53","modified_gmt":"2025-06-02T10:28:53","slug":"intercambio-con-erasmus","status":"publish","type":"post","link":"https:\/\/iesplazadelacruz.educacion.navarra.es\/web1\/blog\/2025\/05\/22\/intercambio-con-erasmus\/","title":{"rendered":"Intercambio con Erasmus+"},"content":{"rendered":"\n<p>El proyecto hispano-franc\u00e9s que se llev\u00f3 a cabo gracias al programa Erasmus+ y que reuni\u00f3 a un total de 32 alumnos de 1\u00ba de Bachillerato del Lyc\u00e9e Max Linder de Libourne (Francia) y del IES Plaza de la Cruz, result\u00f3 ser un \u00e9xito.<\/p>\n\n\n\n<p>A trav\u00e9s de este enriquecedor intercambio, los estudiantes reflexionaron juntos sobre el pensamiento humanista de Michel de Montaigne, leyendo y debatiendo sus Ensayos como punto de partida. En un ambiente de convivencia y aprendizaje mutuo, exploraron valores como la dignidad, la tolerancia y el respeto por la diversidad. Juntos abordaron cuestiones actuales como el racismo, el sexismo o la intolerancia religiosa, dando vida a un di\u00e1logo entre generaciones y culturas en favor de un mundo m\u00e1s justo y comprometido con los Derechos Humanos.<\/p>\n\n\n\n<p><a href=\"https:\/\/drive.google.com\/drive\/folders\/1TKf23_oI_l1Jwh0LopMBdk1WvPcAr_3N?usp=drive_link\">Enlace<\/a> a fotos.<\/p>\n\n\n\n<figure class=\"wp-block-image is-resized\"><img decoding=\"async\" src=\"https:\/\/iesplazadelacruz.educacion.navarra.es\/web1\/wp-content\/uploads\/2022\/10\/E-Cofinanciado-UE.jpg\" alt=\"La imagen tiene un atributo ALT vac\u00edo; su nombre de archivo es E-Cofinanciado-UE.jpg\" style=\"width:126px;height:auto\"\/><figcaption class=\"wp-element-caption\"><img loading=\"lazy\" decoding=\"async\" width=\"269\" height=\"81\" src=\"https:\/\/iesplazadelacruz.educacion.navarra.es\/web1\/wp-content\/uploads\/2022\/10\/E-leyenda.jpg\" alt=\"La imagen tiene un atributo ALT vac\u00edo; su nombre de archivo es E-leyenda.jpg\"><\/figcaption><\/figure>\n\n\n\n<p><\/p>\n","protected":false},"excerpt":{"rendered":"<p>El proyecto hispano-franc\u00e9s que se llev\u00f3 a cabo gracias al programa Erasmus+ y que reuni\u00f3 a un total de 32 alumnos de 1\u00ba de Bachillerato del Lyc\u00e9e Max Linder de Libourne (Francia) y del IES Plaza de la Cruz, result\u00f3 ser un \u00e9xito. A trav\u00e9s de este enriquecedor intercambio, los estudiantes reflexionaron juntos sobre el [&hellip;]<\/p>\n","protected":false},"author":1,"featured_media":15320,"comment_status":"open","ping_status":"open","sticky":false,"template":"","format":"standard","meta":{"_genesis_hide_title":false,"_genesis_hide_breadcrumbs":false,"_genesis_hide_singular_image":false,"_genesis_hide_footer_widgets":false,"_genesis_custom_body_class":"","_genesis_custom_post_class":"","_genesis_layout":"","footnotes":""},"categories":[1],"tags":[],"class_list":{"0":"post-15319","1":"post","2":"type-post","3":"status-publish","4":"format-standard","5":"has-post-thumbnail","7":"category-noticias","8":"entry"},"featured_image_src":"https:\/\/iesplazadelacruz.educacion.navarra.es\/web1\/wp-content\/uploads\/2025\/05\/IMG-20250403-WA0002-600x400.jpg","featured_image_src_square":"https:\/\/iesplazadelacruz.educacion.navarra.es\/web1\/wp-content\/uploads\/2025\/05\/IMG-20250403-WA0002-600x600.jpg","author_info":{"display_name":"Administrador","author_link":"https:\/\/iesplazadelacruz.educacion.navarra.es\/web1\/blog\/author\/adminwpiesplaza\/"},"_links":{"self":[{"href":"https:\/\/iesplazadelacruz.educacion.navarra.es\/web1\/wp-json\/wp\/v2\/posts\/15319","targetHints":{"allow":["GET"]}}],"collection":[{"href":"https:\/\/iesplazadelacruz.educacion.navarra.es\/web1\/wp-json\/wp\/v2\/posts"}],"about":[{"href":"https:\/\/iesplazadelacruz.educacion.navarra.es\/web1\/wp-json\/wp\/v2\/types\/post"}],"author":[{"embeddable":true,"href":"https:\/\/iesplazadelacruz.educacion.navarra.es\/web1\/wp-json\/wp\/v2\/users\/1"}],"replies":[{"embeddable":true,"href":"https:\/\/iesplazadelacruz.educacion.navarra.es\/web1\/wp-json\/wp\/v2\/comments?post=15319"}],"version-history":[{"count":5,"href":"https:\/\/iesplazadelacruz.educacion.navarra.es\/web1\/wp-json\/wp\/v2\/posts\/15319\/revisions"}],"predecessor-version":[{"id":15361,"href":"https:\/\/iesplazadelacruz.educacion.navarra.es\/web1\/wp-json\/wp\/v2\/posts\/15319\/revisions\/15361"}],"wp:featuredmedia":[{"embeddable":true,"href":"https:\/\/iesplazadelacruz.educacion.navarra.es\/web1\/wp-json\/wp\/v2\/media\/15320"}],"wp:attachment":[{"href":"https:\/\/iesplazadelacruz.educacion.navarra.es\/web1\/wp-json\/wp\/v2\/media?parent=15319"}],"wp:term":[{"taxonomy":"category","embeddable":true,"href":"https:\/\/iesplazadelacruz.educacion.navarra.es\/web1\/wp-json\/wp\/v2\/categories?post=15319"},{"taxonomy":"post_tag","embeddable":true,"href":"https:\/\/iesplazadelacruz.educacion.navarra.es\/web1\/wp-json\/wp\/v2\/tags?post=15319"}],"curies":[{"name":"wp","href":"https:\/\/api.w.org\/{rel}","templated":true}]}}