{"id":15180,"date":"2025-04-08T08:00:01","date_gmt":"2025-04-08T06:00:01","guid":{"rendered":"https:\/\/iesplazadelacruz.educacion.navarra.es\/web1\/?p=15180"},"modified":"2025-04-07T15:52:29","modified_gmt":"2025-04-07T13:52:29","slug":"intercambio-con-alemania-3","status":"publish","type":"post","link":"https:\/\/iesplazadelacruz.educacion.navarra.es\/web1\/blog\/2025\/04\/08\/intercambio-con-alemania-3\/","title":{"rendered":"Intercambio con Alemania"},"content":{"rendered":"\n<p>Con la visita de los chicos y chicas alemanes del 19 al 26 de marzo, concluye el intercambio con Alemania. Durante este tiempo, los alumnos y alumnas del Humboldt-Gymnasium de Gifhorn convivieron con sus compa\u00f1eros de 3\u00ba y 4\u00ba de ESO del Instituto Plaza de la Cruz, viviendo una experiencia inolvidable para todos. <\/p>\n\n\n\n<p>A lo largo de la semana, visitamos el ayuntamiento, participamos en una gymkana por Pamplona y disfrutamos de un espl\u00e9ndido d\u00eda en San Sebasti\u00e1n. Este a\u00f1o, debido a la lluvia, nos vimos obligados a cancelar nuestra etapa del Camino de Santiago. Sin embargo, en el MUN nos recibieron con gran amabilidad, permiti\u00e9ndonos disfrutar de una visita muy interesante y de actividades divertidas.<\/p>\n\n\n\n<!--more-->\n\n\n\n<p>Queremos felicitar especialmente a nuestros actores y actrices de 1\u00ba y 2\u00ba de ESO, quienes han participado por primera vez en las visitas teatralizadas de Plaza de la Cruz. Su dedicaci\u00f3n y talento, guiados por nuestra compa\u00f1era Mar\u00eda Azcona, han sido clave para el \u00e9xito de la actividad.<\/p>\n\n\n\n<p>Tampoco nos olvidamos de nuestros compa\u00f1eros profesores alemanes, Isabel Zeisner y Christoph Baumann, con quienes disfrutamos de un fin de semana en el Nacedero del Urederra, el Cerco de Artajona y Olite.<\/p>\n\n\n\n<p>Adem\u00e1s, queremos agradecer a nuestras familias su colaboraci\u00f3n en la comida de despedida, aportando sus deliciosos platos y, sobre todo, por su hospitalidad y generosidad al acoger a nuestros invitados.<\/p>\n\n\n\n<p>\u00a1Much\u00edsimas gracias a todas las familias por ser unos anfitriones excepcionales!<\/p>\n\n\n\n<figure class=\"wp-block-image size-large\"><img loading=\"lazy\" decoding=\"async\" width=\"1024\" height=\"576\" src=\"https:\/\/iesplazadelacruz.educacion.navarra.es\/web1\/wp-content\/uploads\/2025\/04\/Foto-de-\u2800Elena-1-1024x576.jpg\" alt=\"\" class=\"wp-image-15182\" srcset=\"https:\/\/iesplazadelacruz.educacion.navarra.es\/web1\/wp-content\/uploads\/2025\/04\/Foto-de-\u2800Elena-1-1024x576.jpg 1024w, https:\/\/iesplazadelacruz.educacion.navarra.es\/web1\/wp-content\/uploads\/2025\/04\/Foto-de-\u2800Elena-1-300x169.jpg 300w, https:\/\/iesplazadelacruz.educacion.navarra.es\/web1\/wp-content\/uploads\/2025\/04\/Foto-de-\u2800Elena-1-768x432.jpg 768w, https:\/\/iesplazadelacruz.educacion.navarra.es\/web1\/wp-content\/uploads\/2025\/04\/Foto-de-\u2800Elena-1-1536x864.jpg 1536w, https:\/\/iesplazadelacruz.educacion.navarra.es\/web1\/wp-content\/uploads\/2025\/04\/Foto-de-\u2800Elena-1.jpg 1600w\" sizes=\"auto, (max-width: 1024px) 100vw, 1024px\" \/><\/figure>\n\n\n\n<p><strong>Austausch<\/strong><\/p>\n\n\n\n<p>Mit dem Besuch der deutschen Sch\u00fclerInnen vom 19. bis 26. M\u00e4rz geht der Deutschlandaustausch dieses Schuljahr zu Ende. Die Sch\u00fclerinnen und Sch\u00fcler des Humboldt-Gymnasiums Gifhorn haben eine Woche mit ihren PartnerInnen der 3. und 4. Klasse der ESO des Plaza de la Cruz Gymnasiums zusammengelebt und unvergessliche Erfahrungen gemacht.<\/p>\n\n\n\n<p>Im Laufe der Woche haben wir das Rathaus besucht, an einer Schnitzeljagd in Pamplona teilgenommen und einen herrlichen Tag in San Sebastian verbracht. Leider mussten wir aufgrund des Regens unsere Wanderung auf dem Jakobsweg absagen. Gl\u00fccklicherweise hat uns das MUN jedoch spontan freundlich empfangen und einen sehr interessanten Besuch und unterhaltsame Aktivit\u00e4ten erm\u00f6glicht.<\/p>\n\n\n\n<p>Wir m\u00f6chten vor allem unseren Schauspielern und Schauspielerinnen der 1. und 2. ESO gratulieren, die zum ersten Mal die dramatische Zeitreise \u201cvisitas teatralizadas\u201d an der Plaza de la Cruz inszenierten. Dank ihres Engagements und Talents, angeleitet von unserer Kollegin Mar\u00eda Azcona, wurde das Theaterst\u00fcck&nbsp; zum Erfolg.<\/p>\n\n\n\n<p>Vergessen wir auch nicht unsere deutschen Lehrer Isabel Zeisner und Christoph Baumann, mit denen wir ein Wochenende an der Quelle der Urederra, dem Cerco de Artajona und Olite verbracht haben und ohne die der Austausch nicht m\u00f6glich w\u00e4re.<\/p>\n\n\n\n<p>Wir m\u00f6chten uns auch bei unseren Familien f\u00fcr ihre Mitarbeit beim Abschiedsessen bedanken, f\u00fcr die Zubereitung ihrer k\u00f6stlichen Gerichte und vor allem f\u00fcr ihre Gro\u00dfz\u00fcgigkeit bei der Aufnahme unserer G\u00e4ste.<\/p>\n\n\n\n<figure class=\"wp-block-image size-large\"><img loading=\"lazy\" decoding=\"async\" width=\"1024\" height=\"683\" src=\"https:\/\/iesplazadelacruz.educacion.navarra.es\/web1\/wp-content\/uploads\/2025\/04\/comida-alemanes-1024x683.jpg\" alt=\"\" class=\"wp-image-15183\" srcset=\"https:\/\/iesplazadelacruz.educacion.navarra.es\/web1\/wp-content\/uploads\/2025\/04\/comida-alemanes-1024x683.jpg 1024w, https:\/\/iesplazadelacruz.educacion.navarra.es\/web1\/wp-content\/uploads\/2025\/04\/comida-alemanes-300x200.jpg 300w, https:\/\/iesplazadelacruz.educacion.navarra.es\/web1\/wp-content\/uploads\/2025\/04\/comida-alemanes-768x512.jpg 768w, https:\/\/iesplazadelacruz.educacion.navarra.es\/web1\/wp-content\/uploads\/2025\/04\/comida-alemanes-600x400.jpg 600w, https:\/\/iesplazadelacruz.educacion.navarra.es\/web1\/wp-content\/uploads\/2025\/04\/comida-alemanes.jpg 1500w\" sizes=\"auto, (max-width: 1024px) 100vw, 1024px\" \/><\/figure>\n\n\n\n<p>Vielen Dank an alle Familien f\u00fcr ihre au\u00dfergew\u00f6hnliche Gastfreundschaft!<\/p>\n\n\n\n<p><\/p>\n","protected":false},"excerpt":{"rendered":"<p>Con la visita de los chicos y chicas alemanes del 19 al 26 de marzo, concluye el intercambio con Alemania. Durante este tiempo, los alumnos y alumnas del Humboldt-Gymnasium de Gifhorn convivieron con sus compa\u00f1eros de 3\u00ba y 4\u00ba de ESO del Instituto Plaza de la Cruz, viviendo una experiencia inolvidable para todos. A lo [&hellip;]<\/p>\n","protected":false},"author":1,"featured_media":15181,"comment_status":"open","ping_status":"open","sticky":false,"template":"","format":"standard","meta":{"_genesis_hide_title":false,"_genesis_hide_breadcrumbs":false,"_genesis_hide_singular_image":false,"_genesis_hide_footer_widgets":false,"_genesis_custom_body_class":"","_genesis_custom_post_class":"","_genesis_layout":"","footnotes":""},"categories":[1],"tags":[],"class_list":{"0":"post-15180","1":"post","2":"type-post","3":"status-publish","4":"format-standard","5":"has-post-thumbnail","7":"category-noticias","8":"entry"},"featured_image_src":"https:\/\/iesplazadelacruz.educacion.navarra.es\/web1\/wp-content\/uploads\/2025\/04\/Foto-de-\u2800Elena-600x400.jpg","featured_image_src_square":"https:\/\/iesplazadelacruz.educacion.navarra.es\/web1\/wp-content\/uploads\/2025\/04\/Foto-de-\u2800Elena-600x600.jpg","author_info":{"display_name":"Administrador","author_link":"https:\/\/iesplazadelacruz.educacion.navarra.es\/web1\/blog\/author\/adminwpiesplaza\/"},"_links":{"self":[{"href":"https:\/\/iesplazadelacruz.educacion.navarra.es\/web1\/wp-json\/wp\/v2\/posts\/15180","targetHints":{"allow":["GET"]}}],"collection":[{"href":"https:\/\/iesplazadelacruz.educacion.navarra.es\/web1\/wp-json\/wp\/v2\/posts"}],"about":[{"href":"https:\/\/iesplazadelacruz.educacion.navarra.es\/web1\/wp-json\/wp\/v2\/types\/post"}],"author":[{"embeddable":true,"href":"https:\/\/iesplazadelacruz.educacion.navarra.es\/web1\/wp-json\/wp\/v2\/users\/1"}],"replies":[{"embeddable":true,"href":"https:\/\/iesplazadelacruz.educacion.navarra.es\/web1\/wp-json\/wp\/v2\/comments?post=15180"}],"version-history":[{"count":1,"href":"https:\/\/iesplazadelacruz.educacion.navarra.es\/web1\/wp-json\/wp\/v2\/posts\/15180\/revisions"}],"predecessor-version":[{"id":15184,"href":"https:\/\/iesplazadelacruz.educacion.navarra.es\/web1\/wp-json\/wp\/v2\/posts\/15180\/revisions\/15184"}],"wp:featuredmedia":[{"embeddable":true,"href":"https:\/\/iesplazadelacruz.educacion.navarra.es\/web1\/wp-json\/wp\/v2\/media\/15181"}],"wp:attachment":[{"href":"https:\/\/iesplazadelacruz.educacion.navarra.es\/web1\/wp-json\/wp\/v2\/media?parent=15180"}],"wp:term":[{"taxonomy":"category","embeddable":true,"href":"https:\/\/iesplazadelacruz.educacion.navarra.es\/web1\/wp-json\/wp\/v2\/categories?post=15180"},{"taxonomy":"post_tag","embeddable":true,"href":"https:\/\/iesplazadelacruz.educacion.navarra.es\/web1\/wp-json\/wp\/v2\/tags?post=15180"}],"curies":[{"name":"wp","href":"https:\/\/api.w.org\/{rel}","templated":true}]}}