{"id":14993,"date":"2025-02-10T10:41:16","date_gmt":"2025-02-10T09:41:16","guid":{"rendered":"https:\/\/iesplazadelacruz.educacion.navarra.es\/web1\/?p=14993"},"modified":"2025-02-10T10:41:17","modified_gmt":"2025-02-10T09:41:17","slug":"entrevista-concurso-eustory-iberia","status":"publish","type":"post","link":"https:\/\/iesplazadelacruz.educacion.navarra.es\/web1\/blog\/2025\/02\/10\/entrevista-concurso-eustory-iberia\/","title":{"rendered":"Entrevista Concurso Eustory Iberia"},"content":{"rendered":"\n<figure class=\"wp-block-embed is-type-video is-provider-youtube wp-block-embed-youtube wp-embed-aspect-16-9 wp-has-aspect-ratio\"><div class=\"wp-block-embed__wrapper\">\n<iframe loading=\"lazy\" title=\"3\u00ba premio de la XVII Convocatoria del Concurso Eustory Iberia\" width=\"500\" height=\"281\" src=\"https:\/\/www.youtube.com\/embed\/Wusq2dCIU_g?feature=oembed\" frameborder=\"0\" allow=\"accelerometer; autoplay; clipboard-write; encrypted-media; gyroscope; picture-in-picture; web-share\" referrerpolicy=\"strict-origin-when-cross-origin\" allowfullscreen><\/iframe>\n<\/div><\/figure>\n\n\n\n<p>Entrevista al ganador del tercer premio de la XVII Convocatoria del Concurso Eustory Iberia: Ferm\u00edn Pretel Herrero y sus tutoras: Ana Isabel Aranguren Aramburu y M\u00aa \u00c1ngeles Aguinaga Ruiz por la investigaci\u00f3n: <strong><em>Solidaridad con nuestros mayores. Benefactores navarros en los a\u00f1os 70 en la Casa de Misericordia<\/em><\/strong>\u00ab.<\/p>\n\n\n\n<p><\/p>\n","protected":false},"excerpt":{"rendered":"<p>Entrevista al ganador del tercer premio de la XVII Convocatoria del Concurso Eustory Iberia: Ferm\u00edn Pretel Herrero y sus tutoras: Ana Isabel Aranguren Aramburu y M\u00aa \u00c1ngeles Aguinaga Ruiz por la investigaci\u00f3n: Solidaridad con nuestros mayores. Benefactores navarros en los a\u00f1os 70 en la Casa de Misericordia\u00ab.<\/p>\n","protected":false},"author":1,"featured_media":0,"comment_status":"open","ping_status":"open","sticky":false,"template":"","format":"standard","meta":{"_genesis_hide_title":false,"_genesis_hide_breadcrumbs":false,"_genesis_hide_singular_image":false,"_genesis_hide_footer_widgets":false,"_genesis_custom_body_class":"","_genesis_custom_post_class":"","_genesis_layout":"","footnotes":""},"categories":[1],"tags":[],"class_list":{"0":"post-14993","1":"post","2":"type-post","3":"status-publish","4":"format-standard","6":"category-noticias","7":"entry"},"featured_image_src":null,"featured_image_src_square":null,"author_info":{"display_name":"Administrador","author_link":"https:\/\/iesplazadelacruz.educacion.navarra.es\/web1\/blog\/author\/adminwpiesplaza\/"},"_links":{"self":[{"href":"https:\/\/iesplazadelacruz.educacion.navarra.es\/web1\/wp-json\/wp\/v2\/posts\/14993","targetHints":{"allow":["GET"]}}],"collection":[{"href":"https:\/\/iesplazadelacruz.educacion.navarra.es\/web1\/wp-json\/wp\/v2\/posts"}],"about":[{"href":"https:\/\/iesplazadelacruz.educacion.navarra.es\/web1\/wp-json\/wp\/v2\/types\/post"}],"author":[{"embeddable":true,"href":"https:\/\/iesplazadelacruz.educacion.navarra.es\/web1\/wp-json\/wp\/v2\/users\/1"}],"replies":[{"embeddable":true,"href":"https:\/\/iesplazadelacruz.educacion.navarra.es\/web1\/wp-json\/wp\/v2\/comments?post=14993"}],"version-history":[{"count":1,"href":"https:\/\/iesplazadelacruz.educacion.navarra.es\/web1\/wp-json\/wp\/v2\/posts\/14993\/revisions"}],"predecessor-version":[{"id":14994,"href":"https:\/\/iesplazadelacruz.educacion.navarra.es\/web1\/wp-json\/wp\/v2\/posts\/14993\/revisions\/14994"}],"wp:attachment":[{"href":"https:\/\/iesplazadelacruz.educacion.navarra.es\/web1\/wp-json\/wp\/v2\/media?parent=14993"}],"wp:term":[{"taxonomy":"category","embeddable":true,"href":"https:\/\/iesplazadelacruz.educacion.navarra.es\/web1\/wp-json\/wp\/v2\/categories?post=14993"},{"taxonomy":"post_tag","embeddable":true,"href":"https:\/\/iesplazadelacruz.educacion.navarra.es\/web1\/wp-json\/wp\/v2\/tags?post=14993"}],"curies":[{"name":"wp","href":"https:\/\/api.w.org\/{rel}","templated":true}]}}