{"id":14847,"date":"2024-12-16T12:53:20","date_gmt":"2024-12-16T11:53:20","guid":{"rendered":"https:\/\/iesplazadelacruz.educacion.navarra.es\/web1\/?p=14847"},"modified":"2024-12-16T12:56:18","modified_gmt":"2024-12-16T11:56:18","slug":"14847","status":"publish","type":"post","link":"https:\/\/iesplazadelacruz.educacion.navarra.es\/web1\/blog\/2024\/12\/16\/14847\/","title":{"rendered":"Intercambio con Isendoorn College"},"content":{"rendered":"\n<p>Veinte alumnos y tres profesores del Isendoorn College nos visitaron durante la semana del 8 al 12 de diciembre. Llegaron el domingo por la tarde, exhaustos tras un viaje de 18 horas en autob\u00fas.<\/p>\n\n\n\n<p>El lunes, les dimos la bienvenida en el instituto con una visita guiada en ingl\u00e9s, realizada por los alumnos de Artes Esc\u00e9nicas de 2\u00ba de Bachillerato. Quedaron encantados, no solo con nuestro centro, sino tambi\u00e9n con la interpretaci\u00f3n y puesta en escena de los actores y actrices. Adem\u00e1s, llevamos a cabo una actividad sobre verdades y mitos de nuestra cultura y, para finalizar, participaron en una gymkhana dise\u00f1ada para que los estudiantes holandeses conocieran mejor nuestra ciudad.<\/p>\n\n\n\n<!--more-->\n\n\n\n<p>El martes visitamos el Museo de la Ciencia de San Sebasti\u00e1n. All\u00ed disfrutamos de la exposici\u00f3n, realizamos un taller de rob\u00f3tica y culminamos con una proyecci\u00f3n sobre el universo y la V\u00eda L\u00e1ctea en el Planetario. Desde el mediod\u00eda hasta media tarde, tuvimos tiempo libre.<\/p>\n\n\n\n<p>El mi\u00e9rcoles, en el Museo Universidad de Navarra, realizamos una visita guiada a una exposici\u00f3n sobre migraci\u00f3n, donde los alumnos pudieron poner en pr\u00e1ctica su creatividad a trav\u00e9s de una actividad manual. A mediod\u00eda, ya de regreso en el instituto, los alumnos del IES Plaza de la Cruz ofrecieron un cierre espectacular con dos actuaciones musicales, canciones interpretadas por el coro del instituto y un peque\u00f1o baile que tambi\u00e9n ense\u00f1aron a los invitados.<\/p>\n\n\n\n<p>Finalmente, el jueves viajamos al Palacio Real de Olite y posteriormente a Uju\u00e9. En ambos lugares realizamos visitas guiadas en ingl\u00e9s para profundizar en la cultura e historia de nuestra Comunidad. Por la tarde, nuestros visitantes regresaron a su pa\u00eds.<\/p>\n\n\n\n<p>Nos quedamos con los recuerdos de esta experiencia \u00fanica y, \u00a1pronto comenzaremos a preparar nuestro viaje a Holanda en marzo-abril!<\/p>\n\n\n\n<p><a href=\"https:\/\/drive.google.com\/drive\/folders\/1dpsgO8RT2THTEjtlSe8b-hqICSFwHNhs?usp=sharing\">Enlace<\/a> a fotos.<\/p>\n\n\n\n<p><\/p>\n","protected":false},"excerpt":{"rendered":"<p>Veinte alumnos y tres profesores del Isendoorn College nos visitaron durante la semana del 8 al 12 de diciembre. Llegaron el domingo por la tarde, exhaustos tras un viaje de 18 horas en autob\u00fas. El lunes, les dimos la bienvenida en el instituto con una visita guiada en ingl\u00e9s, realizada por los alumnos de Artes [&hellip;]<\/p>\n","protected":false},"author":1,"featured_media":14848,"comment_status":"open","ping_status":"open","sticky":false,"template":"","format":"standard","meta":{"_genesis_hide_title":false,"_genesis_hide_breadcrumbs":false,"_genesis_hide_singular_image":false,"_genesis_hide_footer_widgets":false,"_genesis_custom_body_class":"","_genesis_custom_post_class":"","_genesis_layout":"","footnotes":""},"categories":[1],"tags":[],"class_list":{"0":"post-14847","1":"post","2":"type-post","3":"status-publish","4":"format-standard","5":"has-post-thumbnail","7":"category-noticias","8":"entry"},"featured_image_src":"https:\/\/iesplazadelacruz.educacion.navarra.es\/web1\/wp-content\/uploads\/2024\/12\/IMG_2919-600x400.jpg","featured_image_src_square":"https:\/\/iesplazadelacruz.educacion.navarra.es\/web1\/wp-content\/uploads\/2024\/12\/IMG_2919-600x600.jpg","author_info":{"display_name":"Administrador","author_link":"https:\/\/iesplazadelacruz.educacion.navarra.es\/web1\/blog\/author\/adminwpiesplaza\/"},"_links":{"self":[{"href":"https:\/\/iesplazadelacruz.educacion.navarra.es\/web1\/wp-json\/wp\/v2\/posts\/14847","targetHints":{"allow":["GET"]}}],"collection":[{"href":"https:\/\/iesplazadelacruz.educacion.navarra.es\/web1\/wp-json\/wp\/v2\/posts"}],"about":[{"href":"https:\/\/iesplazadelacruz.educacion.navarra.es\/web1\/wp-json\/wp\/v2\/types\/post"}],"author":[{"embeddable":true,"href":"https:\/\/iesplazadelacruz.educacion.navarra.es\/web1\/wp-json\/wp\/v2\/users\/1"}],"replies":[{"embeddable":true,"href":"https:\/\/iesplazadelacruz.educacion.navarra.es\/web1\/wp-json\/wp\/v2\/comments?post=14847"}],"version-history":[{"count":3,"href":"https:\/\/iesplazadelacruz.educacion.navarra.es\/web1\/wp-json\/wp\/v2\/posts\/14847\/revisions"}],"predecessor-version":[{"id":14851,"href":"https:\/\/iesplazadelacruz.educacion.navarra.es\/web1\/wp-json\/wp\/v2\/posts\/14847\/revisions\/14851"}],"wp:featuredmedia":[{"embeddable":true,"href":"https:\/\/iesplazadelacruz.educacion.navarra.es\/web1\/wp-json\/wp\/v2\/media\/14848"}],"wp:attachment":[{"href":"https:\/\/iesplazadelacruz.educacion.navarra.es\/web1\/wp-json\/wp\/v2\/media?parent=14847"}],"wp:term":[{"taxonomy":"category","embeddable":true,"href":"https:\/\/iesplazadelacruz.educacion.navarra.es\/web1\/wp-json\/wp\/v2\/categories?post=14847"},{"taxonomy":"post_tag","embeddable":true,"href":"https:\/\/iesplazadelacruz.educacion.navarra.es\/web1\/wp-json\/wp\/v2\/tags?post=14847"}],"curies":[{"name":"wp","href":"https:\/\/api.w.org\/{rel}","templated":true}]}}