{"id":14830,"date":"2024-12-09T09:47:45","date_gmt":"2024-12-09T08:47:45","guid":{"rendered":"https:\/\/iesplazadelacruz.educacion.navarra.es\/web1\/?p=14830"},"modified":"2024-12-09T09:47:45","modified_gmt":"2024-12-09T08:47:45","slug":"i-jornada-de-experimentos-cientificos-uce","status":"publish","type":"post","link":"https:\/\/iesplazadelacruz.educacion.navarra.es\/web1\/blog\/2024\/12\/09\/i-jornada-de-experimentos-cientificos-uce\/","title":{"rendered":"I Jornada de experimentos cient\u00edficos UCE"},"content":{"rendered":"\n<p>El mi\u00e9rcoles 4 de diciembre, tuvimos la gran suerte de contar en nuestra aula de desdoble,<br>con Ra\u00fal P\u00e9rez, un gran investigador-cient\u00edfico, siempre dispuesto a compartir su<br>entusiasmo y conocimiento con nuestros alumnos. Con \u00e9l inauguramos las \u201cI JORNADA<br>DE EXPERIMENTOS CIENT\u00cdFICOS \u2013 UCE, IES Plaza de la Cruz\u201d. Ra\u00fal, no solo se limit\u00f3 a ense\u00f1ar los conceptos te\u00f3ricos sobre la qu\u00edmica y sus ramas, sino que tambi\u00e9n les motiv\u00f3 a explorar, investigar y pensar de manera cr\u00edtica. Con un estilo de ense\u00f1anza interactivo y din\u00e1mico realizaron juntos varios experimentos: tinta invisible, cambio de pH, pila de patata, pir\u00e1mide hologr\u00e1fica, percepci\u00f3n visual, br\u00fajula y magnetismo inducido.<br>Los alumnos valoraron de forma muy positiva esta jornada y ya est\u00e1n pensando fecha para<br>la pr\u00f3xima. Much\u00edsimas gracias a Ra\u00fal y a su familia por dedicarnos su tiempo.<\/p>\n","protected":false},"excerpt":{"rendered":"<p>El mi\u00e9rcoles 4 de diciembre, tuvimos la gran suerte de contar en nuestra aula de desdoble,con Ra\u00fal P\u00e9rez, un gran investigador-cient\u00edfico, siempre dispuesto a compartir suentusiasmo y conocimiento con nuestros alumnos. Con \u00e9l inauguramos las \u201cI JORNADADE EXPERIMENTOS CIENT\u00cdFICOS \u2013 UCE, IES Plaza de la Cruz\u201d. Ra\u00fal, no solo se limit\u00f3 a ense\u00f1ar los conceptos [&hellip;]<\/p>\n","protected":false},"author":1,"featured_media":14831,"comment_status":"open","ping_status":"open","sticky":false,"template":"","format":"standard","meta":{"_genesis_hide_title":false,"_genesis_hide_breadcrumbs":false,"_genesis_hide_singular_image":false,"_genesis_hide_footer_widgets":false,"_genesis_custom_body_class":"","_genesis_custom_post_class":"","_genesis_layout":"","footnotes":""},"categories":[1],"tags":[],"class_list":{"0":"post-14830","1":"post","2":"type-post","3":"status-publish","4":"format-standard","5":"has-post-thumbnail","7":"category-noticias","8":"entry"},"featured_image_src":"https:\/\/iesplazadelacruz.educacion.navarra.es\/web1\/wp-content\/uploads\/2024\/12\/uce-600x400.jpg","featured_image_src_square":"https:\/\/iesplazadelacruz.educacion.navarra.es\/web1\/wp-content\/uploads\/2024\/12\/uce-600x600.jpg","author_info":{"display_name":"Administrador","author_link":"https:\/\/iesplazadelacruz.educacion.navarra.es\/web1\/blog\/author\/adminwpiesplaza\/"},"_links":{"self":[{"href":"https:\/\/iesplazadelacruz.educacion.navarra.es\/web1\/wp-json\/wp\/v2\/posts\/14830","targetHints":{"allow":["GET"]}}],"collection":[{"href":"https:\/\/iesplazadelacruz.educacion.navarra.es\/web1\/wp-json\/wp\/v2\/posts"}],"about":[{"href":"https:\/\/iesplazadelacruz.educacion.navarra.es\/web1\/wp-json\/wp\/v2\/types\/post"}],"author":[{"embeddable":true,"href":"https:\/\/iesplazadelacruz.educacion.navarra.es\/web1\/wp-json\/wp\/v2\/users\/1"}],"replies":[{"embeddable":true,"href":"https:\/\/iesplazadelacruz.educacion.navarra.es\/web1\/wp-json\/wp\/v2\/comments?post=14830"}],"version-history":[{"count":1,"href":"https:\/\/iesplazadelacruz.educacion.navarra.es\/web1\/wp-json\/wp\/v2\/posts\/14830\/revisions"}],"predecessor-version":[{"id":14832,"href":"https:\/\/iesplazadelacruz.educacion.navarra.es\/web1\/wp-json\/wp\/v2\/posts\/14830\/revisions\/14832"}],"wp:featuredmedia":[{"embeddable":true,"href":"https:\/\/iesplazadelacruz.educacion.navarra.es\/web1\/wp-json\/wp\/v2\/media\/14831"}],"wp:attachment":[{"href":"https:\/\/iesplazadelacruz.educacion.navarra.es\/web1\/wp-json\/wp\/v2\/media?parent=14830"}],"wp:term":[{"taxonomy":"category","embeddable":true,"href":"https:\/\/iesplazadelacruz.educacion.navarra.es\/web1\/wp-json\/wp\/v2\/categories?post=14830"},{"taxonomy":"post_tag","embeddable":true,"href":"https:\/\/iesplazadelacruz.educacion.navarra.es\/web1\/wp-json\/wp\/v2\/tags?post=14830"}],"curies":[{"name":"wp","href":"https:\/\/api.w.org\/{rel}","templated":true}]}}