{"id":14772,"date":"2024-11-22T14:46:13","date_gmt":"2024-11-22T13:46:13","guid":{"rendered":"https:\/\/iesplazadelacruz.educacion.navarra.es\/web1\/?p=14772"},"modified":"2024-11-22T14:49:02","modified_gmt":"2024-11-22T13:49:02","slug":"forensic-science","status":"publish","type":"post","link":"https:\/\/iesplazadelacruz.educacion.navarra.es\/web1\/blog\/2024\/11\/22\/forensic-science\/","title":{"rendered":"Ciencia forense en el aula: \u00bfQui\u00e9n ha cometido el crimen?"},"content":{"rendered":"\n<p>El martes 19 de noviembre, varios estudiantes de 4\u00ba de la ESO inscritos en la asignatura T\u00e9cnicas de laboratorio, tuvieron la oportunidad de participan en el taller de ciencia forense impartido por la Polic\u00eda Nacional en el edificio de arquitectura de la Universidad de Navarra.&nbsp;<\/p>\n\n\n\n<p>La jornada comenz\u00f3 con una charla te\u00f3rica a cargo de los inspectores Javier De Ja\u00e9n y Luis Villar. Fueron los responsables de explicar t\u00e9rminos t\u00e9cnicos como \u00abvestigio dubitado\u00bb, el \u00abprincipio de intercambio\u00bb del criminalista franc\u00e9s Edmond Locard o de la importancia de ser <strong>rigurosos y met\u00f3dicos con la recogida y cadena de custodia de las pruebas<\/strong>.\u00a0<\/p>\n\n\n\n<!--more-->\n\n\n\n<p>A continuaci\u00f3n, los estudiantes, una vez pertrechados con buzos blancos y guantes de nitrilo, entraron en la<strong> escena de un crimen<\/strong>. Cada uno desempe\u00f1aba un rol, de forma que, de manera coordinada iban fotografiando, describiendo y recogiendo todos los vestigios del lugar. Tambi\u00e9n aprendieron a revelar huellas dactilares usando material forense.<\/p>\n\n\n\n<p>Pero esto, \u00a1no acaba aqu\u00ed! En el laboratorio del instituto analizaremos las pruebas recogidas. Veremos si un trozo de tejido es de seda, algod\u00f3n o lana,&nbsp; identificaremos los pl\u00e1sticos calculando su densidad y tambi\u00e9n intentaremos dilucidar la naturaleza qu\u00edmica de unos polvos blancos.&nbsp;<\/p>\n\n\n\n<p>Como guinda a sus investigaciones forenses, los estudiantes tendr\u00e1n que emitir un informe imparcial y defenderlo delante de su profesor.<\/p>\n\n\n\n<p>Con estas l\u00edneas tambi\u00e9n queremos agradecer a la <strong>Universidad de Navarra<\/strong> por su atenci\u00f3n y a la <strong>Polic\u00eda Nacional<\/strong> por el tiempo y conocimiento que nos han ofrecido.&nbsp;<\/p>\n\n\n\n<figure class=\"wp-block-image size-large\"><img loading=\"lazy\" decoding=\"async\" width=\"768\" height=\"1024\" src=\"https:\/\/iesplazadelacruz.educacion.navarra.es\/web1\/wp-content\/uploads\/2024\/11\/1732050975588-768x1024.jpg\" alt=\"\" class=\"wp-image-14774\" srcset=\"https:\/\/iesplazadelacruz.educacion.navarra.es\/web1\/wp-content\/uploads\/2024\/11\/1732050975588-768x1024.jpg 768w, https:\/\/iesplazadelacruz.educacion.navarra.es\/web1\/wp-content\/uploads\/2024\/11\/1732050975588-225x300.jpg 225w, https:\/\/iesplazadelacruz.educacion.navarra.es\/web1\/wp-content\/uploads\/2024\/11\/1732050975588-1152x1536.jpg 1152w, https:\/\/iesplazadelacruz.educacion.navarra.es\/web1\/wp-content\/uploads\/2024\/11\/1732050975588.jpg 1200w\" sizes=\"auto, (max-width: 768px) 100vw, 768px\" \/><\/figure>\n","protected":false},"excerpt":{"rendered":"<p>El martes 19 de noviembre, varios estudiantes de 4\u00ba de la ESO inscritos en la asignatura T\u00e9cnicas de laboratorio, tuvieron la oportunidad de participan en el taller de ciencia forense impartido por la Polic\u00eda Nacional en el edificio de arquitectura de la Universidad de Navarra.&nbsp; La jornada comenz\u00f3 con una charla te\u00f3rica a cargo de [&hellip;]<\/p>\n","protected":false},"author":1,"featured_media":14773,"comment_status":"open","ping_status":"open","sticky":false,"template":"","format":"standard","meta":{"_genesis_hide_title":false,"_genesis_hide_breadcrumbs":false,"_genesis_hide_singular_image":false,"_genesis_hide_footer_widgets":false,"_genesis_custom_body_class":"","_genesis_custom_post_class":"","_genesis_layout":"","footnotes":""},"categories":[1],"tags":[],"class_list":{"0":"post-14772","1":"post","2":"type-post","3":"status-publish","4":"format-standard","5":"has-post-thumbnail","7":"category-noticias","8":"entry"},"featured_image_src":"https:\/\/iesplazadelacruz.educacion.navarra.es\/web1\/wp-content\/uploads\/2024\/11\/1732050975595-600x400.jpg","featured_image_src_square":"https:\/\/iesplazadelacruz.educacion.navarra.es\/web1\/wp-content\/uploads\/2024\/11\/1732050975595-600x600.jpg","author_info":{"display_name":"Administrador","author_link":"https:\/\/iesplazadelacruz.educacion.navarra.es\/web1\/blog\/author\/adminwpiesplaza\/"},"_links":{"self":[{"href":"https:\/\/iesplazadelacruz.educacion.navarra.es\/web1\/wp-json\/wp\/v2\/posts\/14772","targetHints":{"allow":["GET"]}}],"collection":[{"href":"https:\/\/iesplazadelacruz.educacion.navarra.es\/web1\/wp-json\/wp\/v2\/posts"}],"about":[{"href":"https:\/\/iesplazadelacruz.educacion.navarra.es\/web1\/wp-json\/wp\/v2\/types\/post"}],"author":[{"embeddable":true,"href":"https:\/\/iesplazadelacruz.educacion.navarra.es\/web1\/wp-json\/wp\/v2\/users\/1"}],"replies":[{"embeddable":true,"href":"https:\/\/iesplazadelacruz.educacion.navarra.es\/web1\/wp-json\/wp\/v2\/comments?post=14772"}],"version-history":[{"count":3,"href":"https:\/\/iesplazadelacruz.educacion.navarra.es\/web1\/wp-json\/wp\/v2\/posts\/14772\/revisions"}],"predecessor-version":[{"id":14777,"href":"https:\/\/iesplazadelacruz.educacion.navarra.es\/web1\/wp-json\/wp\/v2\/posts\/14772\/revisions\/14777"}],"wp:featuredmedia":[{"embeddable":true,"href":"https:\/\/iesplazadelacruz.educacion.navarra.es\/web1\/wp-json\/wp\/v2\/media\/14773"}],"wp:attachment":[{"href":"https:\/\/iesplazadelacruz.educacion.navarra.es\/web1\/wp-json\/wp\/v2\/media?parent=14772"}],"wp:term":[{"taxonomy":"category","embeddable":true,"href":"https:\/\/iesplazadelacruz.educacion.navarra.es\/web1\/wp-json\/wp\/v2\/categories?post=14772"},{"taxonomy":"post_tag","embeddable":true,"href":"https:\/\/iesplazadelacruz.educacion.navarra.es\/web1\/wp-json\/wp\/v2\/tags?post=14772"}],"curies":[{"name":"wp","href":"https:\/\/api.w.org\/{rel}","templated":true}]}}