{"id":14365,"date":"2024-06-10T10:50:49","date_gmt":"2024-06-10T08:50:49","guid":{"rendered":"https:\/\/iesplazadelacruz.educacion.navarra.es\/web1\/?p=14365"},"modified":"2024-06-10T10:50:50","modified_gmt":"2024-06-10T08:50:50","slug":"masterclass-de-defensa-personal-y-k-pop","status":"publish","type":"post","link":"https:\/\/iesplazadelacruz.educacion.navarra.es\/web1\/blog\/2024\/06\/10\/masterclass-de-defensa-personal-y-k-pop\/","title":{"rendered":"Masterclass de defensa personal y K-pop"},"content":{"rendered":"\n<p>Los d\u00edas 5 y 7 de junio el departamento de educaci\u00f3n f\u00edsica, en colaboraci\u00f3n con la Apyma del IES Plaza de la Cruz y ACD Ciudadela, organiz\u00f3 2 masterclass de defensa personal y k-pop, dando la oportunidad al alumnado de conocer nuevas modalidades deportivas. La masterclass de k-pop estuvo dirigida al alumnado de 1\u00b0 y 2\u00b0 de ESO, mientras de la actividad de defensa personal la realiz\u00f3 el alumnado de 3\u00b0 y 4\u00b0 de ESO.<\/p>\n\n\n\n<!--more-->\n\n\n\n<p>Se trata de actividades que el curso que viene ofertar\u00e1 la ACD Ciudadela como extraescolares, por lo que el objetivo es ofrecer al alumnado la oportunidad de conocerlas, a la vez que se promueve la pr\u00e1ctica deportiva. El plazo de inscripci\u00f3n para las extraescolares del curso 2024-25 ya est\u00e1 abierto:&nbsp;<a rel=\"noreferrer noopener\" href=\"https:\/\/www.cdciudadela.es\/\" target=\"_blank\">https:\/\/www.cdciudadela.es\/<\/a><\/p>\n\n\n\n<figure class=\"wp-block-image size-large\"><img loading=\"lazy\" decoding=\"async\" width=\"1024\" height=\"680\" src=\"https:\/\/iesplazadelacruz.educacion.navarra.es\/web1\/wp-content\/uploads\/2024\/06\/IMG_20240607_104830-1024x680.jpg\" alt=\"\" class=\"wp-image-14367\" srcset=\"https:\/\/iesplazadelacruz.educacion.navarra.es\/web1\/wp-content\/uploads\/2024\/06\/IMG_20240607_104830-1024x680.jpg 1024w, https:\/\/iesplazadelacruz.educacion.navarra.es\/web1\/wp-content\/uploads\/2024\/06\/IMG_20240607_104830-300x199.jpg 300w, https:\/\/iesplazadelacruz.educacion.navarra.es\/web1\/wp-content\/uploads\/2024\/06\/IMG_20240607_104830-768x510.jpg 768w, https:\/\/iesplazadelacruz.educacion.navarra.es\/web1\/wp-content\/uploads\/2024\/06\/IMG_20240607_104830-1536x1021.jpg 1536w, https:\/\/iesplazadelacruz.educacion.navarra.es\/web1\/wp-content\/uploads\/2024\/06\/IMG_20240607_104830.jpg 2000w\" sizes=\"auto, (max-width: 1024px) 100vw, 1024px\" \/><\/figure>\n\n\n\n<p>El balance de ambas actividades fue muy satisfactorio, con un alumnado muy implicado que disfrut\u00f3 mucho de las masterclass. Esperamos repetir en el futuro. Agradecer enormemente a la Apyma del IES Plaza de la Cruz su implicaci\u00f3n en la organizaci\u00f3n de las actividades y su inter\u00e9s por colaborar con el centro para buscar nuevas f\u00f3rmulas que ayuden a potenciar la pr\u00e1ctica deportiva entre el alumnado. Esperamos seguir colaborando en futuros proyectos.<\/p>\n\n\n\n<p><\/p>\n","protected":false},"excerpt":{"rendered":"<p>Los d\u00edas 5 y 7 de junio el departamento de educaci\u00f3n f\u00edsica, en colaboraci\u00f3n con la Apyma del IES Plaza de la Cruz y ACD Ciudadela, organiz\u00f3 2 masterclass de defensa personal y k-pop, dando la oportunidad al alumnado de conocer nuevas modalidades deportivas. La masterclass de k-pop estuvo dirigida al alumnado de 1\u00b0 y [&hellip;]<\/p>\n","protected":false},"author":1,"featured_media":14366,"comment_status":"open","ping_status":"open","sticky":false,"template":"","format":"standard","meta":{"_genesis_hide_title":false,"_genesis_hide_breadcrumbs":false,"_genesis_hide_singular_image":false,"_genesis_hide_footer_widgets":false,"_genesis_custom_body_class":"","_genesis_custom_post_class":"","_genesis_layout":"","footnotes":""},"categories":[1],"tags":[],"class_list":{"0":"post-14365","1":"post","2":"type-post","3":"status-publish","4":"format-standard","5":"has-post-thumbnail","7":"category-noticias","8":"entry"},"featured_image_src":"https:\/\/iesplazadelacruz.educacion.navarra.es\/web1\/wp-content\/uploads\/2024\/06\/IMG-20240605-WA0051-600x400.jpg","featured_image_src_square":"https:\/\/iesplazadelacruz.educacion.navarra.es\/web1\/wp-content\/uploads\/2024\/06\/IMG-20240605-WA0051-600x600.jpg","author_info":{"display_name":"Administrador","author_link":"https:\/\/iesplazadelacruz.educacion.navarra.es\/web1\/blog\/author\/adminwpiesplaza\/"},"_links":{"self":[{"href":"https:\/\/iesplazadelacruz.educacion.navarra.es\/web1\/wp-json\/wp\/v2\/posts\/14365","targetHints":{"allow":["GET"]}}],"collection":[{"href":"https:\/\/iesplazadelacruz.educacion.navarra.es\/web1\/wp-json\/wp\/v2\/posts"}],"about":[{"href":"https:\/\/iesplazadelacruz.educacion.navarra.es\/web1\/wp-json\/wp\/v2\/types\/post"}],"author":[{"embeddable":true,"href":"https:\/\/iesplazadelacruz.educacion.navarra.es\/web1\/wp-json\/wp\/v2\/users\/1"}],"replies":[{"embeddable":true,"href":"https:\/\/iesplazadelacruz.educacion.navarra.es\/web1\/wp-json\/wp\/v2\/comments?post=14365"}],"version-history":[{"count":2,"href":"https:\/\/iesplazadelacruz.educacion.navarra.es\/web1\/wp-json\/wp\/v2\/posts\/14365\/revisions"}],"predecessor-version":[{"id":14369,"href":"https:\/\/iesplazadelacruz.educacion.navarra.es\/web1\/wp-json\/wp\/v2\/posts\/14365\/revisions\/14369"}],"wp:featuredmedia":[{"embeddable":true,"href":"https:\/\/iesplazadelacruz.educacion.navarra.es\/web1\/wp-json\/wp\/v2\/media\/14366"}],"wp:attachment":[{"href":"https:\/\/iesplazadelacruz.educacion.navarra.es\/web1\/wp-json\/wp\/v2\/media?parent=14365"}],"wp:term":[{"taxonomy":"category","embeddable":true,"href":"https:\/\/iesplazadelacruz.educacion.navarra.es\/web1\/wp-json\/wp\/v2\/categories?post=14365"},{"taxonomy":"post_tag","embeddable":true,"href":"https:\/\/iesplazadelacruz.educacion.navarra.es\/web1\/wp-json\/wp\/v2\/tags?post=14365"}],"curies":[{"name":"wp","href":"https:\/\/api.w.org\/{rel}","templated":true}]}}