{"id":14255,"date":"2024-04-30T12:22:41","date_gmt":"2024-04-30T10:22:41","guid":{"rendered":"https:\/\/iesplazadelacruz.educacion.navarra.es\/web1\/?p=14255"},"modified":"2024-04-30T12:22:42","modified_gmt":"2024-04-30T10:22:42","slug":"feria-tecnociencia","status":"publish","type":"post","link":"https:\/\/iesplazadelacruz.educacion.navarra.es\/web1\/blog\/2024\/04\/30\/feria-tecnociencia\/","title":{"rendered":"Feria Tecnociencia"},"content":{"rendered":"\n<p><img decoding=\"async\" src=\"https:\/\/lh7-eu.googleusercontent.com\/5m1XtDjbbMr_UCgNrk_8GB_9NtqgFC2GNi2QIB6na9IJoLj5GfNBqGxYdLW4V1omjIpnIl9YdZNW6TEJjSXbxfzfIes37R8yO9HXcLCaVfarY1fpYcTBIbcP6lwukCSt6jLTkc2TY2kN7F4i-gvNtTY\" style=\"\"><\/p>\n\n\n\n<p>Este pasado s\u00e1bado 27 de abril se celebr\u00f3 en el Baluarte la tercera edici\u00f3n de la Feria Tecnociencia.&nbsp; Este evento, organizado por Planeta STEM de NICDO-Planetario de Pamplona y Elhuyar Fundazioa, con el apoyo del Gobierno de Navarra y la Eurorregi\u00f3n, tiene como objetivo impulsar el inter\u00e9s por la ciencia y la tecnolog\u00eda entre las nuevas generaciones.<\/p>\n\n\n\n<p>Unos 170 j\u00f3venes de 20 centros educativos navarros de ESO, FP y Bachillerato presentaron 43 proyectos STEM que han elaborado durante el curso.<\/p>\n\n\n\n<!--more-->\n\n\n\n<p><\/p>\n\n\n\n<p>Nuestro instituto estuvo presente en esta feria con cuatro proyectos:<\/p>\n\n\n\n<p>1.- \u201cConstrucci\u00f3n de un sism\u00f3grafo escolar\u201d en el que han participado Sof\u00eda Andr\u00e9s, Anne Sandevoir, Ana\u00efs Mateo, Emma P\u00e9rez, H\u00e9ctor Garc\u00eda, Mikel Fern\u00e1ndez, Leo Mend\u00edvil y Tasio Suescun de 1\u00ba ESO, tutorizados por M\u00aa Mar As\u00edn y F\u00e9lix Bueno.<\/p>\n\n\n\n<p><img decoding=\"async\" src=\"https:\/\/lh7-eu.googleusercontent.com\/Xpt4-MF9frNHGzXub5p_GOegPJ-97O7nUUd3W3kJefvuAdSgdR6fTqrYiUwd2CdyQc9b4A0Kba2O8nWt_-zgsH45bf3vUg6zKmoOWikslPGAsDNDYWn4GfFs8OD3G09xKbaoyUfvPH9S9SlN-Sgj9YM\" style=\"\"><\/p>\n\n\n\n<p>2.- \u201cEstaci\u00f3n meteorol\u00f3gica en la Plaza de la Cruz\u201d, creada por Julen Cedr\u00f3n, Maider Garc\u00eda, Izan Andr\u00e9s y Justin Montero, Aitor Garmendia y Carla Mar\u00edn, tutorizados por Ester Alonso y F\u00e9lix Bueno.<\/p>\n\n\n\n<p><img decoding=\"async\" src=\"https:\/\/lh7-eu.googleusercontent.com\/RZUuBEq6unXNMqC71C3VszX-KKa9jMRVUTSwB1kVpNFroYVJcYSRQWuv9hzbo1ubICWLo6DanqL1gHuU-FE9e2PhABkuhLEoCWf8qFl47BhZ0zXcv2wqQdTRjmD2D7J1gDDqC_WWiTA29GXwJN4AGgA\" style=\"\"><\/p>\n\n\n\n<p>3.- \u201cComparaci\u00f3n de par\u00e1metros climatol\u00f3gicos entre Plaza de la Cruz y Marte\u201d, llevado a cabo por Julen Cedr\u00f3n, Maider Garc\u00eda, Izan Andr\u00e9s y Justin Montero, Aitor Garmendia y Carla Mar\u00edn, tutorizados por Ester Alonso y F\u00e9lix Bueno.<\/p>\n\n\n\n<p><img decoding=\"async\" src=\"https:\/\/lh7-eu.googleusercontent.com\/cDB39-t7ylhZF0nCZSu6Ls1tHL4WrQc6rfSI5nhNWOoJ9kp2lDV5_ldMIMr2ZKo2ZplxnznNUVST9tp50qkrxzBy91KWfG0mq2SpDC1qSjJpzWNhqantf_6zuZbIUsuBEfwphVLBCdKTMjC2dykytuk\" style=\"\"><\/p>\n\n\n\n<p>4.- \u201cConciencia ambiental en los cursos de 3\u00ba de ESO del IES Plaza de la Cruz\u201d, realizado por\u00a0 Sof\u00eda Montori, Leire Campos, Vassilena Vassileva, Aar\u00f3n Guzm\u00e1n, Lamis Farghali y Manuela Henao de 3\u00ba de ESO y tutorizados por Iris Sancho.<\/p>\n\n\n\n<p><img decoding=\"async\" src=\"https:\/\/lh7-eu.googleusercontent.com\/UU_fGkpX3bp8D46GSPNCb_v2_J841SG_wvNzyE6i2sNGr5yQUKmK7JzOB33fRMqwGScCmsR1u76DNKzGLW1-Cb1KRYPbI4gRXaMPRXPzeh_3FAhoBcWo9ALTqrFTjEgloi_lsJ77ltx6pjh4qyIR7-8\" style=\"\"><\/p>\n\n\n\n<p>La experiencia ha sido muy positiva y todos nos hemos llevado un buen recuerdo.<\/p>\n\n\n\n<p><\/p>\n","protected":false},"excerpt":{"rendered":"<p>Este pasado s\u00e1bado 27 de abril se celebr\u00f3 en el Baluarte la tercera edici\u00f3n de la Feria Tecnociencia.&nbsp; Este evento, organizado por Planeta STEM de NICDO-Planetario de Pamplona y Elhuyar Fundazioa, con el apoyo del Gobierno de Navarra y la Eurorregi\u00f3n, tiene como objetivo impulsar el inter\u00e9s por la ciencia y la tecnolog\u00eda entre las [&hellip;]<\/p>\n","protected":false},"author":1,"featured_media":0,"comment_status":"open","ping_status":"open","sticky":false,"template":"","format":"standard","meta":{"_genesis_hide_title":false,"_genesis_hide_breadcrumbs":false,"_genesis_hide_singular_image":false,"_genesis_hide_footer_widgets":false,"_genesis_custom_body_class":"","_genesis_custom_post_class":"","_genesis_layout":"","footnotes":""},"categories":[1],"tags":[],"class_list":{"0":"post-14255","1":"post","2":"type-post","3":"status-publish","4":"format-standard","6":"category-noticias","7":"entry"},"featured_image_src":null,"featured_image_src_square":null,"author_info":{"display_name":"Administrador","author_link":"https:\/\/iesplazadelacruz.educacion.navarra.es\/web1\/blog\/author\/adminwpiesplaza\/"},"_links":{"self":[{"href":"https:\/\/iesplazadelacruz.educacion.navarra.es\/web1\/wp-json\/wp\/v2\/posts\/14255","targetHints":{"allow":["GET"]}}],"collection":[{"href":"https:\/\/iesplazadelacruz.educacion.navarra.es\/web1\/wp-json\/wp\/v2\/posts"}],"about":[{"href":"https:\/\/iesplazadelacruz.educacion.navarra.es\/web1\/wp-json\/wp\/v2\/types\/post"}],"author":[{"embeddable":true,"href":"https:\/\/iesplazadelacruz.educacion.navarra.es\/web1\/wp-json\/wp\/v2\/users\/1"}],"replies":[{"embeddable":true,"href":"https:\/\/iesplazadelacruz.educacion.navarra.es\/web1\/wp-json\/wp\/v2\/comments?post=14255"}],"version-history":[{"count":1,"href":"https:\/\/iesplazadelacruz.educacion.navarra.es\/web1\/wp-json\/wp\/v2\/posts\/14255\/revisions"}],"predecessor-version":[{"id":14256,"href":"https:\/\/iesplazadelacruz.educacion.navarra.es\/web1\/wp-json\/wp\/v2\/posts\/14255\/revisions\/14256"}],"wp:attachment":[{"href":"https:\/\/iesplazadelacruz.educacion.navarra.es\/web1\/wp-json\/wp\/v2\/media?parent=14255"}],"wp:term":[{"taxonomy":"category","embeddable":true,"href":"https:\/\/iesplazadelacruz.educacion.navarra.es\/web1\/wp-json\/wp\/v2\/categories?post=14255"},{"taxonomy":"post_tag","embeddable":true,"href":"https:\/\/iesplazadelacruz.educacion.navarra.es\/web1\/wp-json\/wp\/v2\/tags?post=14255"}],"curies":[{"name":"wp","href":"https:\/\/api.w.org\/{rel}","templated":true}]}}