{"id":13948,"date":"2024-02-09T09:21:46","date_gmt":"2024-02-09T08:21:46","guid":{"rendered":"https:\/\/iesplazadelacruz.educacion.navarra.es\/web1\/?p=13948"},"modified":"2024-02-09T10:03:58","modified_gmt":"2024-02-09T09:03:58","slug":"programa-en-mudanza","status":"publish","type":"post","link":"https:\/\/iesplazadelacruz.educacion.navarra.es\/web1\/blog\/2024\/02\/09\/programa-en-mudanza\/","title":{"rendered":"Programa \u00abEn Mudanza\u00bb"},"content":{"rendered":"\n<p>Del&nbsp; 15 al 26 de enero el Departamento de Dibujo ha participado como en otros cursos en el programa&nbsp;EN MUDANZA del Ayuntamiento de Pamplona. Este proyecto est\u00e1 formado por una exposici\u00f3n y un taller. La exposici\u00f3n es una muestra de cinco obras originales pertenecientes a la Colecci\u00f3n de Arte Contempor\u00e1neo del Ayuntamiento. Esta muestra de bolsillo ha&nbsp;estado dos semanas en el centro y a disposici\u00f3n de todo el alumnado y profesorado.&nbsp;La segunda parte del proyecto ha consistido en un taller creativo \u201cPeri\u00f3dicos rebeldes\u201d en el que han participado alumnado&nbsp;de 2\u00ba, 3\u00ba y 4\u00ba de la ESO. A partir de hojas de peri\u00f3dico han podido intervenir en ellas por parejas para darles un nuevo significado utilizando varias t\u00e9cnicas y materiales (cinta de carrocero, collage, ceras, bol\u00edgrafos). Todos los trabajos resultantes se expusieron en un mismo lugar y se realiz\u00f3 un trabajo de reflexi\u00f3n en grupo sobre los mismos.<\/p>\n\n\n\n<p><a href=\"https:\/\/drive.google.com\/drive\/folders\/136LUpIwB660ZRQ9b_kiN8rfxIeMILbIT?usp=sharing\">Enlace a fotos<\/a>.<\/p>\n","protected":false},"excerpt":{"rendered":"<p>Del&nbsp; 15 al 26 de enero el Departamento de Dibujo ha participado como en otros cursos en el programa&nbsp;EN MUDANZA del Ayuntamiento de Pamplona. Este proyecto est\u00e1 formado por una exposici\u00f3n y un taller. La exposici\u00f3n es una muestra de cinco obras originales pertenecientes a la Colecci\u00f3n de Arte Contempor\u00e1neo del Ayuntamiento. Esta muestra de [&hellip;]<\/p>\n","protected":false},"author":1,"featured_media":13952,"comment_status":"open","ping_status":"open","sticky":false,"template":"","format":"standard","meta":{"_genesis_hide_title":false,"_genesis_hide_breadcrumbs":false,"_genesis_hide_singular_image":false,"_genesis_hide_footer_widgets":false,"_genesis_custom_body_class":"","_genesis_custom_post_class":"","_genesis_layout":"","footnotes":""},"categories":[1],"tags":[],"class_list":{"0":"post-13948","1":"post","2":"type-post","3":"status-publish","4":"format-standard","5":"has-post-thumbnail","7":"category-noticias","8":"entry"},"featured_image_src":"https:\/\/iesplazadelacruz.educacion.navarra.es\/web1\/wp-content\/uploads\/2024\/02\/PHOTO-2024-02-09-09-15-13-4-600x400.jpg","featured_image_src_square":"https:\/\/iesplazadelacruz.educacion.navarra.es\/web1\/wp-content\/uploads\/2024\/02\/PHOTO-2024-02-09-09-15-13-4-600x600.jpg","author_info":{"display_name":"Administrador","author_link":"https:\/\/iesplazadelacruz.educacion.navarra.es\/web1\/blog\/author\/adminwpiesplaza\/"},"_links":{"self":[{"href":"https:\/\/iesplazadelacruz.educacion.navarra.es\/web1\/wp-json\/wp\/v2\/posts\/13948","targetHints":{"allow":["GET"]}}],"collection":[{"href":"https:\/\/iesplazadelacruz.educacion.navarra.es\/web1\/wp-json\/wp\/v2\/posts"}],"about":[{"href":"https:\/\/iesplazadelacruz.educacion.navarra.es\/web1\/wp-json\/wp\/v2\/types\/post"}],"author":[{"embeddable":true,"href":"https:\/\/iesplazadelacruz.educacion.navarra.es\/web1\/wp-json\/wp\/v2\/users\/1"}],"replies":[{"embeddable":true,"href":"https:\/\/iesplazadelacruz.educacion.navarra.es\/web1\/wp-json\/wp\/v2\/comments?post=13948"}],"version-history":[{"count":2,"href":"https:\/\/iesplazadelacruz.educacion.navarra.es\/web1\/wp-json\/wp\/v2\/posts\/13948\/revisions"}],"predecessor-version":[{"id":13953,"href":"https:\/\/iesplazadelacruz.educacion.navarra.es\/web1\/wp-json\/wp\/v2\/posts\/13948\/revisions\/13953"}],"wp:featuredmedia":[{"embeddable":true,"href":"https:\/\/iesplazadelacruz.educacion.navarra.es\/web1\/wp-json\/wp\/v2\/media\/13952"}],"wp:attachment":[{"href":"https:\/\/iesplazadelacruz.educacion.navarra.es\/web1\/wp-json\/wp\/v2\/media?parent=13948"}],"wp:term":[{"taxonomy":"category","embeddable":true,"href":"https:\/\/iesplazadelacruz.educacion.navarra.es\/web1\/wp-json\/wp\/v2\/categories?post=13948"},{"taxonomy":"post_tag","embeddable":true,"href":"https:\/\/iesplazadelacruz.educacion.navarra.es\/web1\/wp-json\/wp\/v2\/tags?post=13948"}],"curies":[{"name":"wp","href":"https:\/\/api.w.org\/{rel}","templated":true}]}}