{"id":13677,"date":"2023-11-20T09:58:39","date_gmt":"2023-11-20T08:58:39","guid":{"rendered":"https:\/\/iesplazadelacruz.educacion.navarra.es\/web1\/?p=13677"},"modified":"2023-11-20T09:58:39","modified_gmt":"2023-11-20T08:58:39","slug":"lichterkinder","status":"publish","type":"post","link":"https:\/\/iesplazadelacruz.educacion.navarra.es\/web1\/blog\/2023\/11\/20\/lichterkinder\/","title":{"rendered":"LICHTERKINDER"},"content":{"rendered":"\n<p><strong>Exposici\u00f3n de Farolillos y celebraci\u00f3n del d\u00eda de San Mart\u00edn<\/strong><\/p>\n\n\n\n<p>La semana pasada se celebr\u00f3 el d\u00eda de San Mart\u00edn, una festividad importante alemana. El alumnado de 3\u00baESO de pl\u00e1stica del programa biling\u00fce alem\u00e1n ha creado farolillos que iluminan el pasillo del centro y los alumnos y alumnas de 1\u00baESO pluriling\u00fce alem\u00e1n han cantado unas <a href=\"https:\/\/drive.google.com\/file\/d\/1fuQ1RyEmKH6-VvQcDGBppx3t7_1iDOUP\/view?usp=sharing\">canciones<\/a> para celebrarlo y compartirlo con el centro.<\/p>\n\n\n\n<p>Letzte Woche wurde der Martinstag, ein wichtiger deutscher Feiertag, in der Schule gefeiert. Die Sch\u00fcler_Innen der bilingualen 3. Kunstklasse haben Laternen kreiert, welche den Flur der Schule erleuchten und die Sch\u00fcler_innen des plurilinguistischen Programms der ersten Klasse haben einige Lieder gesungen, um Sankt Martin zu gedenken und die Schule teilhaben zu lassen.<\/p>\n\n\n\n<p><a href=\"https:\/\/drive.google.com\/drive\/folders\/1w0RggFZK5Uw2v3XTh6AE-DrblM-muJv4?usp=sharing\">Enlace<\/a> a fotos.<\/p>\n","protected":false},"excerpt":{"rendered":"<p>Exposici\u00f3n de Farolillos y celebraci\u00f3n del d\u00eda de San Mart\u00edn La semana pasada se celebr\u00f3 el d\u00eda de San Mart\u00edn, una festividad importante alemana. El alumnado de 3\u00baESO de pl\u00e1stica del programa biling\u00fce alem\u00e1n ha creado farolillos que iluminan el pasillo del centro y los alumnos y alumnas de 1\u00baESO pluriling\u00fce alem\u00e1n han cantado unas [&hellip;]<\/p>\n","protected":false},"author":1,"featured_media":13678,"comment_status":"open","ping_status":"open","sticky":false,"template":"","format":"standard","meta":{"_genesis_hide_title":false,"_genesis_hide_breadcrumbs":false,"_genesis_hide_singular_image":false,"_genesis_hide_footer_widgets":false,"_genesis_custom_body_class":"","_genesis_custom_post_class":"","_genesis_layout":"","footnotes":""},"categories":[1],"tags":[],"class_list":{"0":"post-13677","1":"post","2":"type-post","3":"status-publish","4":"format-standard","5":"has-post-thumbnail","7":"category-noticias","8":"entry"},"featured_image_src":"https:\/\/iesplazadelacruz.educacion.navarra.es\/web1\/wp-content\/uploads\/2023\/11\/IMG_2890-600x400.jpg","featured_image_src_square":"https:\/\/iesplazadelacruz.educacion.navarra.es\/web1\/wp-content\/uploads\/2023\/11\/IMG_2890-600x600.jpg","author_info":{"display_name":"Administrador","author_link":"https:\/\/iesplazadelacruz.educacion.navarra.es\/web1\/blog\/author\/adminwpiesplaza\/"},"_links":{"self":[{"href":"https:\/\/iesplazadelacruz.educacion.navarra.es\/web1\/wp-json\/wp\/v2\/posts\/13677","targetHints":{"allow":["GET"]}}],"collection":[{"href":"https:\/\/iesplazadelacruz.educacion.navarra.es\/web1\/wp-json\/wp\/v2\/posts"}],"about":[{"href":"https:\/\/iesplazadelacruz.educacion.navarra.es\/web1\/wp-json\/wp\/v2\/types\/post"}],"author":[{"embeddable":true,"href":"https:\/\/iesplazadelacruz.educacion.navarra.es\/web1\/wp-json\/wp\/v2\/users\/1"}],"replies":[{"embeddable":true,"href":"https:\/\/iesplazadelacruz.educacion.navarra.es\/web1\/wp-json\/wp\/v2\/comments?post=13677"}],"version-history":[{"count":1,"href":"https:\/\/iesplazadelacruz.educacion.navarra.es\/web1\/wp-json\/wp\/v2\/posts\/13677\/revisions"}],"predecessor-version":[{"id":13679,"href":"https:\/\/iesplazadelacruz.educacion.navarra.es\/web1\/wp-json\/wp\/v2\/posts\/13677\/revisions\/13679"}],"wp:featuredmedia":[{"embeddable":true,"href":"https:\/\/iesplazadelacruz.educacion.navarra.es\/web1\/wp-json\/wp\/v2\/media\/13678"}],"wp:attachment":[{"href":"https:\/\/iesplazadelacruz.educacion.navarra.es\/web1\/wp-json\/wp\/v2\/media?parent=13677"}],"wp:term":[{"taxonomy":"category","embeddable":true,"href":"https:\/\/iesplazadelacruz.educacion.navarra.es\/web1\/wp-json\/wp\/v2\/categories?post=13677"},{"taxonomy":"post_tag","embeddable":true,"href":"https:\/\/iesplazadelacruz.educacion.navarra.es\/web1\/wp-json\/wp\/v2\/tags?post=13677"}],"curies":[{"name":"wp","href":"https:\/\/api.w.org\/{rel}","templated":true}]}}