{"id":13481,"date":"2023-09-26T12:21:33","date_gmt":"2023-09-26T10:21:33","guid":{"rendered":"https:\/\/iesplazadelacruz.educacion.navarra.es\/web1\/?p=13481"},"modified":"2023-09-26T12:21:33","modified_gmt":"2023-09-26T10:21:33","slug":"bicicletada","status":"publish","type":"post","link":"https:\/\/iesplazadelacruz.educacion.navarra.es\/web1\/blog\/2023\/09\/26\/bicicletada\/","title":{"rendered":"Bicicletada"},"content":{"rendered":"\n<p>El d\u00eda 22 de septiembre, con motivo de la celebraci\u00f3n del D\u00eda Europeo sin Coches, tuvo lugar una nueva edici\u00f3n de la Bicicletada Escolar, donde particip\u00f3 alumnado de 2\u00baESO del IES Plaza de la Cruz.<\/p>\n\n\n\n<p>En primer lugar hay que destacar el elevado n\u00famero de alumnos que vinieron al centro en bicicleta.&nbsp; Despu\u00e9s de un recorrido de 8 kil\u00f3metros, acudieron a la Ciudadela.&nbsp; All\u00ed, se celebraron distintas actividades: circuitos de crossfit y entrenamiento funcional, talleres de reparaci\u00f3n de bicicletas y tambi\u00e9n hab\u00eda una zona de baile con diferentes coreograf\u00edas.<\/p>\n\n\n\n<p>Desde el centro se quiere agradecer a los voluntarios su participaci\u00f3n (varios padres de alumnos entre ellos), ya que hicieron posible que la jornada se desarrollara sin incidentes.<\/p>\n\n\n\n<p>En definitiva, seguimos tratando de potenciar desde el instituto la actividad f\u00edsica, el uso de la bicicleta y la movilidad sostenible como valores importantes a transmitir al alumnado.<\/p>\n\n\n\n<!--more-->\n\n\n\n<figure class=\"wp-block-image size-full is-resized\"><img loading=\"lazy\" decoding=\"async\" src=\"https:\/\/iesplazadelacruz.educacion.navarra.es\/web1\/wp-content\/uploads\/2023\/09\/1695409178874.jpg\" alt=\"\" class=\"wp-image-13483\" width=\"838\" height=\"629\" srcset=\"https:\/\/iesplazadelacruz.educacion.navarra.es\/web1\/wp-content\/uploads\/2023\/09\/1695409178874.jpg 800w, https:\/\/iesplazadelacruz.educacion.navarra.es\/web1\/wp-content\/uploads\/2023\/09\/1695409178874-300x225.jpg 300w, https:\/\/iesplazadelacruz.educacion.navarra.es\/web1\/wp-content\/uploads\/2023\/09\/1695409178874-768x576.jpg 768w\" sizes=\"auto, (max-width: 838px) 100vw, 838px\" \/><\/figure>\n\n\n\n<figure class=\"wp-block-image size-full\"><img loading=\"lazy\" decoding=\"async\" width=\"1000\" height=\"750\" src=\"https:\/\/iesplazadelacruz.educacion.navarra.es\/web1\/wp-content\/uploads\/2023\/09\/1695409178827.jpg\" alt=\"\" class=\"wp-image-13484\" srcset=\"https:\/\/iesplazadelacruz.educacion.navarra.es\/web1\/wp-content\/uploads\/2023\/09\/1695409178827.jpg 1000w, https:\/\/iesplazadelacruz.educacion.navarra.es\/web1\/wp-content\/uploads\/2023\/09\/1695409178827-300x225.jpg 300w, https:\/\/iesplazadelacruz.educacion.navarra.es\/web1\/wp-content\/uploads\/2023\/09\/1695409178827-768x576.jpg 768w\" sizes=\"auto, (max-width: 1000px) 100vw, 1000px\" \/><\/figure>\n","protected":false},"excerpt":{"rendered":"<p>El d\u00eda 22 de septiembre, con motivo de la celebraci\u00f3n del D\u00eda Europeo sin Coches, tuvo lugar una nueva edici\u00f3n de la Bicicletada Escolar, donde particip\u00f3 alumnado de 2\u00baESO del IES Plaza de la Cruz. En primer lugar hay que destacar el elevado n\u00famero de alumnos que vinieron al centro en bicicleta.&nbsp; Despu\u00e9s de un [&hellip;]<\/p>\n","protected":false},"author":1,"featured_media":13482,"comment_status":"open","ping_status":"open","sticky":false,"template":"","format":"standard","meta":{"_genesis_hide_title":false,"_genesis_hide_breadcrumbs":false,"_genesis_hide_singular_image":false,"_genesis_hide_footer_widgets":false,"_genesis_custom_body_class":"","_genesis_custom_post_class":"","_genesis_layout":"","footnotes":""},"categories":[1],"tags":[],"class_list":{"0":"post-13481","1":"post","2":"type-post","3":"status-publish","4":"format-standard","5":"has-post-thumbnail","7":"category-noticias","8":"entry"},"featured_image_src":"https:\/\/iesplazadelacruz.educacion.navarra.es\/web1\/wp-content\/uploads\/2023\/09\/1695409178806-600x400.jpg","featured_image_src_square":"https:\/\/iesplazadelacruz.educacion.navarra.es\/web1\/wp-content\/uploads\/2023\/09\/1695409178806-600x600.jpg","author_info":{"display_name":"Administrador","author_link":"https:\/\/iesplazadelacruz.educacion.navarra.es\/web1\/blog\/author\/adminwpiesplaza\/"},"_links":{"self":[{"href":"https:\/\/iesplazadelacruz.educacion.navarra.es\/web1\/wp-json\/wp\/v2\/posts\/13481","targetHints":{"allow":["GET"]}}],"collection":[{"href":"https:\/\/iesplazadelacruz.educacion.navarra.es\/web1\/wp-json\/wp\/v2\/posts"}],"about":[{"href":"https:\/\/iesplazadelacruz.educacion.navarra.es\/web1\/wp-json\/wp\/v2\/types\/post"}],"author":[{"embeddable":true,"href":"https:\/\/iesplazadelacruz.educacion.navarra.es\/web1\/wp-json\/wp\/v2\/users\/1"}],"replies":[{"embeddable":true,"href":"https:\/\/iesplazadelacruz.educacion.navarra.es\/web1\/wp-json\/wp\/v2\/comments?post=13481"}],"version-history":[{"count":1,"href":"https:\/\/iesplazadelacruz.educacion.navarra.es\/web1\/wp-json\/wp\/v2\/posts\/13481\/revisions"}],"predecessor-version":[{"id":13485,"href":"https:\/\/iesplazadelacruz.educacion.navarra.es\/web1\/wp-json\/wp\/v2\/posts\/13481\/revisions\/13485"}],"wp:featuredmedia":[{"embeddable":true,"href":"https:\/\/iesplazadelacruz.educacion.navarra.es\/web1\/wp-json\/wp\/v2\/media\/13482"}],"wp:attachment":[{"href":"https:\/\/iesplazadelacruz.educacion.navarra.es\/web1\/wp-json\/wp\/v2\/media?parent=13481"}],"wp:term":[{"taxonomy":"category","embeddable":true,"href":"https:\/\/iesplazadelacruz.educacion.navarra.es\/web1\/wp-json\/wp\/v2\/categories?post=13481"},{"taxonomy":"post_tag","embeddable":true,"href":"https:\/\/iesplazadelacruz.educacion.navarra.es\/web1\/wp-json\/wp\/v2\/tags?post=13481"}],"curies":[{"name":"wp","href":"https:\/\/api.w.org\/{rel}","templated":true}]}}