{"id":13052,"date":"2023-04-28T10:36:58","date_gmt":"2023-04-28T08:36:58","guid":{"rendered":"https:\/\/iesplazadelacruz.educacion.navarra.es\/web1\/?p=13052"},"modified":"2023-04-28T10:36:59","modified_gmt":"2023-04-28T08:36:59","slug":"inmersion-linguistica-en-ingles","status":"publish","type":"post","link":"https:\/\/iesplazadelacruz.educacion.navarra.es\/web1\/blog\/2023\/04\/28\/inmersion-linguistica-en-ingles\/","title":{"rendered":"Inmersi\u00f3n ling\u00fc\u00edstica en ingl\u00e9s"},"content":{"rendered":"\n<p>25 alumnas y alumnos de 1\u00ba y 2\u00ba ESO participaron en el programa de inmersi\u00f3n ling\u00fc\u00edstica en Ingl\u00e9s organizado por el Ministerio de Educaci\u00f3n y Formaci\u00f3n Profesional, realizado en las instalaciones de GMR Camps, en Robledo de Fenar (Le\u00f3n), del 9 al 15 de abril. Durante esa estancia se mejor\u00f3 la competencia ling\u00fc\u00edstica en Ingl\u00e9s mediante diferentes actividades, culturales, l\u00fadicas y deportivas. Tambi\u00e9n se conocieron algunos lugares del entorno, como las cuevas de Valporquero. La experiencia ha resultado muy positiva por la buena disposici\u00f3n del alumnado ante las actividades propuestas y las buenas relaciones que se establecieron entre nuestro alumnado y el alumnado de otros centros escolares de Jaen, Madrid y Ponferrada, con los que convivieron y compartieron actividades.<\/p>\n\n\n\n<p>This year for some students of first and second of ESO, Easter has been different, but why? Well, we went to an English inmersion camp to improve our English level. During these awesome 6 days, we did lots of things, as dance all the mornings, record our own movie and create our own country. We also met, and did activities, with guys from Ja\u00e9n, who were super nice. When we first got there we were a little nervous, but at the end of the week, we didn&#8217;t want to leave.<\/p>\n\n\n\n<p>By Aroa P\u00e9rez (2\u00b0 C) and Sof\u00eda Montori (2\u00b0 E)<\/p>\n\n\n\n<!--more-->\n\n\n\n<figure class=\"wp-block-image size-large\"><img loading=\"lazy\" decoding=\"async\" width=\"1024\" height=\"768\" src=\"https:\/\/iesplazadelacruz.educacion.navarra.es\/web1\/wp-content\/uploads\/2023\/04\/leon2-1024x768.jpg\" alt=\"\" class=\"wp-image-13054\" srcset=\"https:\/\/iesplazadelacruz.educacion.navarra.es\/web1\/wp-content\/uploads\/2023\/04\/leon2-1024x768.jpg 1024w, https:\/\/iesplazadelacruz.educacion.navarra.es\/web1\/wp-content\/uploads\/2023\/04\/leon2-300x225.jpg 300w, https:\/\/iesplazadelacruz.educacion.navarra.es\/web1\/wp-content\/uploads\/2023\/04\/leon2-768x576.jpg 768w, https:\/\/iesplazadelacruz.educacion.navarra.es\/web1\/wp-content\/uploads\/2023\/04\/leon2-1536x1152.jpg 1536w, https:\/\/iesplazadelacruz.educacion.navarra.es\/web1\/wp-content\/uploads\/2023\/04\/leon2.jpg 2048w\" sizes=\"auto, (max-width: 1024px) 100vw, 1024px\" \/><\/figure>\n\n\n\n<figure class=\"wp-block-image size-large\"><img loading=\"lazy\" decoding=\"async\" width=\"1024\" height=\"768\" src=\"https:\/\/iesplazadelacruz.educacion.navarra.es\/web1\/wp-content\/uploads\/2023\/04\/leon3-1024x768.jpg\" alt=\"\" class=\"wp-image-13055\" srcset=\"https:\/\/iesplazadelacruz.educacion.navarra.es\/web1\/wp-content\/uploads\/2023\/04\/leon3-1024x768.jpg 1024w, https:\/\/iesplazadelacruz.educacion.navarra.es\/web1\/wp-content\/uploads\/2023\/04\/leon3-300x225.jpg 300w, https:\/\/iesplazadelacruz.educacion.navarra.es\/web1\/wp-content\/uploads\/2023\/04\/leon3-768x576.jpg 768w, https:\/\/iesplazadelacruz.educacion.navarra.es\/web1\/wp-content\/uploads\/2023\/04\/leon3-1536x1152.jpg 1536w, https:\/\/iesplazadelacruz.educacion.navarra.es\/web1\/wp-content\/uploads\/2023\/04\/leon3.jpg 2048w\" sizes=\"auto, (max-width: 1024px) 100vw, 1024px\" \/><\/figure>\n\n\n\n<figure class=\"wp-block-image size-full is-resized\"><img loading=\"lazy\" decoding=\"async\" src=\"https:\/\/iesplazadelacruz.educacion.navarra.es\/web1\/wp-content\/uploads\/2023\/04\/PHOTO-2023-04-21-15-31-55.jpg\" alt=\"\" class=\"wp-image-13059\" width=\"838\" height=\"472\" srcset=\"https:\/\/iesplazadelacruz.educacion.navarra.es\/web1\/wp-content\/uploads\/2023\/04\/PHOTO-2023-04-21-15-31-55.jpg 448w, https:\/\/iesplazadelacruz.educacion.navarra.es\/web1\/wp-content\/uploads\/2023\/04\/PHOTO-2023-04-21-15-31-55-300x169.jpg 300w\" sizes=\"auto, (max-width: 838px) 100vw, 838px\" \/><\/figure>\n\n\n\n<figure class=\"wp-block-image size-large\"><img loading=\"lazy\" decoding=\"async\" width=\"1024\" height=\"768\" src=\"https:\/\/iesplazadelacruz.educacion.navarra.es\/web1\/wp-content\/uploads\/2023\/04\/leon-4-1024x768.jpg\" alt=\"\" class=\"wp-image-13056\" srcset=\"https:\/\/iesplazadelacruz.educacion.navarra.es\/web1\/wp-content\/uploads\/2023\/04\/leon-4-1024x768.jpg 1024w, https:\/\/iesplazadelacruz.educacion.navarra.es\/web1\/wp-content\/uploads\/2023\/04\/leon-4-300x225.jpg 300w, https:\/\/iesplazadelacruz.educacion.navarra.es\/web1\/wp-content\/uploads\/2023\/04\/leon-4-768x576.jpg 768w, https:\/\/iesplazadelacruz.educacion.navarra.es\/web1\/wp-content\/uploads\/2023\/04\/leon-4-1536x1152.jpg 1536w, https:\/\/iesplazadelacruz.educacion.navarra.es\/web1\/wp-content\/uploads\/2023\/04\/leon-4.jpg 2048w\" sizes=\"auto, (max-width: 1024px) 100vw, 1024px\" \/><\/figure>\n\n\n\n<figure class=\"wp-block-image size-large\"><img loading=\"lazy\" decoding=\"async\" width=\"1024\" height=\"768\" src=\"https:\/\/iesplazadelacruz.educacion.navarra.es\/web1\/wp-content\/uploads\/2023\/04\/leon5-1024x768.jpg\" alt=\"\" class=\"wp-image-13057\" srcset=\"https:\/\/iesplazadelacruz.educacion.navarra.es\/web1\/wp-content\/uploads\/2023\/04\/leon5-1024x768.jpg 1024w, https:\/\/iesplazadelacruz.educacion.navarra.es\/web1\/wp-content\/uploads\/2023\/04\/leon5-300x225.jpg 300w, https:\/\/iesplazadelacruz.educacion.navarra.es\/web1\/wp-content\/uploads\/2023\/04\/leon5-768x576.jpg 768w, https:\/\/iesplazadelacruz.educacion.navarra.es\/web1\/wp-content\/uploads\/2023\/04\/leon5-1536x1152.jpg 1536w, https:\/\/iesplazadelacruz.educacion.navarra.es\/web1\/wp-content\/uploads\/2023\/04\/leon5.jpg 2048w\" sizes=\"auto, (max-width: 1024px) 100vw, 1024px\" \/><\/figure>\n\n\n\n<figure class=\"wp-block-image size-large\"><img loading=\"lazy\" decoding=\"async\" width=\"1024\" height=\"768\" src=\"https:\/\/iesplazadelacruz.educacion.navarra.es\/web1\/wp-content\/uploads\/2023\/04\/leon6-1024x768.jpg\" alt=\"\" class=\"wp-image-13058\" srcset=\"https:\/\/iesplazadelacruz.educacion.navarra.es\/web1\/wp-content\/uploads\/2023\/04\/leon6-1024x768.jpg 1024w, https:\/\/iesplazadelacruz.educacion.navarra.es\/web1\/wp-content\/uploads\/2023\/04\/leon6-300x225.jpg 300w, https:\/\/iesplazadelacruz.educacion.navarra.es\/web1\/wp-content\/uploads\/2023\/04\/leon6-768x576.jpg 768w, https:\/\/iesplazadelacruz.educacion.navarra.es\/web1\/wp-content\/uploads\/2023\/04\/leon6-1536x1152.jpg 1536w, https:\/\/iesplazadelacruz.educacion.navarra.es\/web1\/wp-content\/uploads\/2023\/04\/leon6.jpg 2048w\" sizes=\"auto, (max-width: 1024px) 100vw, 1024px\" \/><\/figure>\n\n\n\n<p>Enlace a <a href=\"https:\/\/drive.google.com\/file\/d\/1YQcfY6iGZE5B57f80WhGIDoUTiFKqSC5\/view?usp=sharing\">v\u00eddeo<\/a>.<\/p>\n","protected":false},"excerpt":{"rendered":"<p>25 alumnas y alumnos de 1\u00ba y 2\u00ba ESO participaron en el programa de inmersi\u00f3n ling\u00fc\u00edstica en Ingl\u00e9s organizado por el Ministerio de Educaci\u00f3n y Formaci\u00f3n Profesional, realizado en las instalaciones de GMR Camps, en Robledo de Fenar (Le\u00f3n), del 9 al 15 de abril. Durante esa estancia se mejor\u00f3 la competencia ling\u00fc\u00edstica en Ingl\u00e9s [&hellip;]<\/p>\n","protected":false},"author":1,"featured_media":13053,"comment_status":"open","ping_status":"open","sticky":false,"template":"","format":"standard","meta":{"_genesis_hide_title":false,"_genesis_hide_breadcrumbs":false,"_genesis_hide_singular_image":false,"_genesis_hide_footer_widgets":false,"_genesis_custom_body_class":"","_genesis_custom_post_class":"","_genesis_layout":"","footnotes":""},"categories":[1],"tags":[],"class_list":{"0":"post-13052","1":"post","2":"type-post","3":"status-publish","4":"format-standard","5":"has-post-thumbnail","7":"category-noticias","8":"entry"},"featured_image_src":"https:\/\/iesplazadelacruz.educacion.navarra.es\/web1\/wp-content\/uploads\/2023\/04\/leon-600x400.jpg","featured_image_src_square":"https:\/\/iesplazadelacruz.educacion.navarra.es\/web1\/wp-content\/uploads\/2023\/04\/leon-600x600.jpg","author_info":{"display_name":"Administrador","author_link":"https:\/\/iesplazadelacruz.educacion.navarra.es\/web1\/blog\/author\/adminwpiesplaza\/"},"_links":{"self":[{"href":"https:\/\/iesplazadelacruz.educacion.navarra.es\/web1\/wp-json\/wp\/v2\/posts\/13052","targetHints":{"allow":["GET"]}}],"collection":[{"href":"https:\/\/iesplazadelacruz.educacion.navarra.es\/web1\/wp-json\/wp\/v2\/posts"}],"about":[{"href":"https:\/\/iesplazadelacruz.educacion.navarra.es\/web1\/wp-json\/wp\/v2\/types\/post"}],"author":[{"embeddable":true,"href":"https:\/\/iesplazadelacruz.educacion.navarra.es\/web1\/wp-json\/wp\/v2\/users\/1"}],"replies":[{"embeddable":true,"href":"https:\/\/iesplazadelacruz.educacion.navarra.es\/web1\/wp-json\/wp\/v2\/comments?post=13052"}],"version-history":[{"count":1,"href":"https:\/\/iesplazadelacruz.educacion.navarra.es\/web1\/wp-json\/wp\/v2\/posts\/13052\/revisions"}],"predecessor-version":[{"id":13060,"href":"https:\/\/iesplazadelacruz.educacion.navarra.es\/web1\/wp-json\/wp\/v2\/posts\/13052\/revisions\/13060"}],"wp:featuredmedia":[{"embeddable":true,"href":"https:\/\/iesplazadelacruz.educacion.navarra.es\/web1\/wp-json\/wp\/v2\/media\/13053"}],"wp:attachment":[{"href":"https:\/\/iesplazadelacruz.educacion.navarra.es\/web1\/wp-json\/wp\/v2\/media?parent=13052"}],"wp:term":[{"taxonomy":"category","embeddable":true,"href":"https:\/\/iesplazadelacruz.educacion.navarra.es\/web1\/wp-json\/wp\/v2\/categories?post=13052"},{"taxonomy":"post_tag","embeddable":true,"href":"https:\/\/iesplazadelacruz.educacion.navarra.es\/web1\/wp-json\/wp\/v2\/tags?post=13052"}],"curies":[{"name":"wp","href":"https:\/\/api.w.org\/{rel}","templated":true}]}}