{"id":12985,"date":"2023-04-05T15:42:43","date_gmt":"2023-04-05T13:42:43","guid":{"rendered":"https:\/\/iesplazadelacruz.educacion.navarra.es\/web1\/?p=12985"},"modified":"2023-04-05T15:42:43","modified_gmt":"2023-04-05T13:42:43","slug":"excursion-a-bilbao-2","status":"publish","type":"post","link":"https:\/\/iesplazadelacruz.educacion.navarra.es\/web1\/blog\/2023\/04\/05\/excursion-a-bilbao-2\/","title":{"rendered":"Excursi\u00f3n a Bilbao"},"content":{"rendered":"\n<p>El pasado mi\u00e9rcoles 29 de marzo, el alumnado de 2\u00ba BTO de Historia del\u00a0Arte, tanto de diurno como de nocturno, y\u00a0 sus profesoras Gloria Flandes y Pilar\u00a0Diarte, viajamos hasta Bilbao.\u00a0En primer lugar, visitamos el magn\u00edfico Museo de Bellas Artes, actualmente en proceso de ampliaci\u00f3n. A continuaci\u00f3n subimos al Puente Colgante de Portugalete, uno de los pocos que quedan en el mundo de su g\u00e9nero y que ofrece unas vistas impactantes\u00a0 del entramado urbano e industrial de la r\u00eda. Por \u00faltimo conocimos el Museo Guggenheim Bilbao, tanto el emblem\u00e1tico edificio como las colecciones que ofrece en la actualidad. Tuvimos un tiempo extraordinario, verano adelantado, y pudimos disfrutar de una jornada estupenda..<\/p>\n","protected":false},"excerpt":{"rendered":"<p>El pasado mi\u00e9rcoles 29 de marzo, el alumnado de 2\u00ba BTO de Historia del\u00a0Arte, tanto de diurno como de nocturno, y\u00a0 sus profesoras Gloria Flandes y Pilar\u00a0Diarte, viajamos hasta Bilbao.\u00a0En primer lugar, visitamos el magn\u00edfico Museo de Bellas Artes, actualmente en proceso de ampliaci\u00f3n. A continuaci\u00f3n subimos al Puente Colgante de Portugalete, uno de los [&hellip;]<\/p>\n","protected":false},"author":1,"featured_media":12986,"comment_status":"open","ping_status":"open","sticky":false,"template":"","format":"standard","meta":{"_genesis_hide_title":false,"_genesis_hide_breadcrumbs":false,"_genesis_hide_singular_image":false,"_genesis_hide_footer_widgets":false,"_genesis_custom_body_class":"","_genesis_custom_post_class":"","_genesis_layout":"","footnotes":""},"categories":[1],"tags":[],"class_list":{"0":"post-12985","1":"post","2":"type-post","3":"status-publish","4":"format-standard","5":"has-post-thumbnail","7":"category-noticias","8":"entry"},"featured_image_src":"https:\/\/iesplazadelacruz.educacion.navarra.es\/web1\/wp-content\/uploads\/2023\/04\/excursion-Bilbao-600x400.jpg","featured_image_src_square":"https:\/\/iesplazadelacruz.educacion.navarra.es\/web1\/wp-content\/uploads\/2023\/04\/excursion-Bilbao-600x600.jpg","author_info":{"display_name":"Administrador","author_link":"https:\/\/iesplazadelacruz.educacion.navarra.es\/web1\/blog\/author\/adminwpiesplaza\/"},"_links":{"self":[{"href":"https:\/\/iesplazadelacruz.educacion.navarra.es\/web1\/wp-json\/wp\/v2\/posts\/12985","targetHints":{"allow":["GET"]}}],"collection":[{"href":"https:\/\/iesplazadelacruz.educacion.navarra.es\/web1\/wp-json\/wp\/v2\/posts"}],"about":[{"href":"https:\/\/iesplazadelacruz.educacion.navarra.es\/web1\/wp-json\/wp\/v2\/types\/post"}],"author":[{"embeddable":true,"href":"https:\/\/iesplazadelacruz.educacion.navarra.es\/web1\/wp-json\/wp\/v2\/users\/1"}],"replies":[{"embeddable":true,"href":"https:\/\/iesplazadelacruz.educacion.navarra.es\/web1\/wp-json\/wp\/v2\/comments?post=12985"}],"version-history":[{"count":1,"href":"https:\/\/iesplazadelacruz.educacion.navarra.es\/web1\/wp-json\/wp\/v2\/posts\/12985\/revisions"}],"predecessor-version":[{"id":12987,"href":"https:\/\/iesplazadelacruz.educacion.navarra.es\/web1\/wp-json\/wp\/v2\/posts\/12985\/revisions\/12987"}],"wp:featuredmedia":[{"embeddable":true,"href":"https:\/\/iesplazadelacruz.educacion.navarra.es\/web1\/wp-json\/wp\/v2\/media\/12986"}],"wp:attachment":[{"href":"https:\/\/iesplazadelacruz.educacion.navarra.es\/web1\/wp-json\/wp\/v2\/media?parent=12985"}],"wp:term":[{"taxonomy":"category","embeddable":true,"href":"https:\/\/iesplazadelacruz.educacion.navarra.es\/web1\/wp-json\/wp\/v2\/categories?post=12985"},{"taxonomy":"post_tag","embeddable":true,"href":"https:\/\/iesplazadelacruz.educacion.navarra.es\/web1\/wp-json\/wp\/v2\/tags?post=12985"}],"curies":[{"name":"wp","href":"https:\/\/api.w.org\/{rel}","templated":true}]}}