{"id":12785,"date":"2023-03-13T10:13:42","date_gmt":"2023-03-13T09:13:42","guid":{"rendered":"https:\/\/iesplazadelacruz.educacion.navarra.es\/web1\/?p=12785"},"modified":"2023-03-13T10:13:44","modified_gmt":"2023-03-13T09:13:44","slug":"dia-internacional-de-la-mujer","status":"publish","type":"post","link":"https:\/\/iesplazadelacruz.educacion.navarra.es\/web1\/blog\/2023\/03\/13\/dia-internacional-de-la-mujer\/","title":{"rendered":"D\u00eda Internacional de la Mujer"},"content":{"rendered":"\n<p>El pasado 8 de marzo, con motivo de la conmemoraci\u00f3n del D\u00eda Internacional de la Mujer, se realizaron varias actividades en el IES Plaza de la Cruz. <\/p>\n\n\n\n<p>Por un lado, el alumnado de 2\u00baBTO formado por Xabi Osteriz de 2\u00baBTO F, Haizea Alonso, June Lubiano y Naike Posada de 2\u00baBTO C y Ximena Burguete y Sara S\u00e1enz de 2\u00baBTO B realiz\u00f3 un mural donde se recog\u00edan las diferentes situaciones que los alumnos y alumnas del centro hab\u00edan presenciado en las cuales una mujer hab\u00eda sido atacada o menospreciada. La finalidad del mural es poder mostrar c\u00f3mo esta sociedad todav\u00eda tiene mucho camino por delante para evitar todos esos mensajes escritos.<\/p>\n\n\n\n<!--more-->\n\n\n\n<p>Por otro lado, el alumnado de 2\u00baBTO de la materia de Historia de la m\u00fasica y la danza hicieron una actividad para dar visibilidad a las compositoras olvidadas. Elaboraron unos p\u00f2sters alusivos a las mujeres con un c\u00f3digo QR con alguna de sus composiciones. Se encuentran situados en el corcho del 2\u00ba piso y en otros pasillos del centro donde todo el alumnado y profesorado puede pasar a verlos.<\/p>\n\n\n\n<figure class=\"wp-block-image size-large\"><img loading=\"lazy\" decoding=\"async\" width=\"768\" height=\"1024\" src=\"https:\/\/iesplazadelacruz.educacion.navarra.es\/web1\/wp-content\/uploads\/2023\/03\/20230308_093440-768x1024.jpg\" alt=\"\" class=\"wp-image-12788\" srcset=\"https:\/\/iesplazadelacruz.educacion.navarra.es\/web1\/wp-content\/uploads\/2023\/03\/20230308_093440-768x1024.jpg 768w, https:\/\/iesplazadelacruz.educacion.navarra.es\/web1\/wp-content\/uploads\/2023\/03\/20230308_093440-225x300.jpg 225w, https:\/\/iesplazadelacruz.educacion.navarra.es\/web1\/wp-content\/uploads\/2023\/03\/20230308_093440-1152x1536.jpg 1152w, https:\/\/iesplazadelacruz.educacion.navarra.es\/web1\/wp-content\/uploads\/2023\/03\/20230308_093440-1536x2048.jpg 1536w, https:\/\/iesplazadelacruz.educacion.navarra.es\/web1\/wp-content\/uploads\/2023\/03\/20230308_093440-scaled.jpg 1920w\" sizes=\"auto, (max-width: 768px) 100vw, 768px\" \/><\/figure>\n\n\n\n<p>Y no podemos olvidar la amplia exposici\u00f3n de libros sobre el feminismo y la mujer que tenemos en nuestra biblioteca. <\/p>\n\n\n\n<figure class=\"wp-block-image size-large\"><img loading=\"lazy\" decoding=\"async\" width=\"1024\" height=\"1024\" src=\"https:\/\/iesplazadelacruz.educacion.navarra.es\/web1\/wp-content\/uploads\/2023\/03\/BeFunky-collage-1-1024x1024.jpg\" alt=\"\" class=\"wp-image-12792\" srcset=\"https:\/\/iesplazadelacruz.educacion.navarra.es\/web1\/wp-content\/uploads\/2023\/03\/BeFunky-collage-1-1024x1024.jpg 1024w, https:\/\/iesplazadelacruz.educacion.navarra.es\/web1\/wp-content\/uploads\/2023\/03\/BeFunky-collage-1-300x300.jpg 300w, https:\/\/iesplazadelacruz.educacion.navarra.es\/web1\/wp-content\/uploads\/2023\/03\/BeFunky-collage-1-150x150.jpg 150w, https:\/\/iesplazadelacruz.educacion.navarra.es\/web1\/wp-content\/uploads\/2023\/03\/BeFunky-collage-1-768x768.jpg 768w, https:\/\/iesplazadelacruz.educacion.navarra.es\/web1\/wp-content\/uploads\/2023\/03\/BeFunky-collage-1.jpg 1448w\" sizes=\"auto, (max-width: 1024px) 100vw, 1024px\" \/><\/figure>\n","protected":false},"excerpt":{"rendered":"<p>El pasado 8 de marzo, con motivo de la conmemoraci\u00f3n del D\u00eda Internacional de la Mujer, se realizaron varias actividades en el IES Plaza de la Cruz. Por un lado, el alumnado de 2\u00baBTO formado por Xabi Osteriz de 2\u00baBTO F, Haizea Alonso, June Lubiano y Naike Posada de 2\u00baBTO C y Ximena Burguete y [&hellip;]<\/p>\n","protected":false},"author":1,"featured_media":12786,"comment_status":"open","ping_status":"open","sticky":false,"template":"","format":"standard","meta":{"_genesis_hide_title":false,"_genesis_hide_breadcrumbs":false,"_genesis_hide_singular_image":false,"_genesis_hide_footer_widgets":false,"_genesis_custom_body_class":"","_genesis_custom_post_class":"","_genesis_layout":"","footnotes":""},"categories":[1],"tags":[],"class_list":{"0":"post-12785","1":"post","2":"type-post","3":"status-publish","4":"format-standard","5":"has-post-thumbnail","7":"category-noticias","8":"entry"},"featured_image_src":"https:\/\/iesplazadelacruz.educacion.navarra.es\/web1\/wp-content\/uploads\/2023\/03\/PHOTO-2023-03-08-14-24-26.jpg","featured_image_src_square":"https:\/\/iesplazadelacruz.educacion.navarra.es\/web1\/wp-content\/uploads\/2023\/03\/PHOTO-2023-03-08-14-24-26.jpg","author_info":{"display_name":"Administrador","author_link":"https:\/\/iesplazadelacruz.educacion.navarra.es\/web1\/blog\/author\/adminwpiesplaza\/"},"_links":{"self":[{"href":"https:\/\/iesplazadelacruz.educacion.navarra.es\/web1\/wp-json\/wp\/v2\/posts\/12785","targetHints":{"allow":["GET"]}}],"collection":[{"href":"https:\/\/iesplazadelacruz.educacion.navarra.es\/web1\/wp-json\/wp\/v2\/posts"}],"about":[{"href":"https:\/\/iesplazadelacruz.educacion.navarra.es\/web1\/wp-json\/wp\/v2\/types\/post"}],"author":[{"embeddable":true,"href":"https:\/\/iesplazadelacruz.educacion.navarra.es\/web1\/wp-json\/wp\/v2\/users\/1"}],"replies":[{"embeddable":true,"href":"https:\/\/iesplazadelacruz.educacion.navarra.es\/web1\/wp-json\/wp\/v2\/comments?post=12785"}],"version-history":[{"count":3,"href":"https:\/\/iesplazadelacruz.educacion.navarra.es\/web1\/wp-json\/wp\/v2\/posts\/12785\/revisions"}],"predecessor-version":[{"id":12793,"href":"https:\/\/iesplazadelacruz.educacion.navarra.es\/web1\/wp-json\/wp\/v2\/posts\/12785\/revisions\/12793"}],"wp:featuredmedia":[{"embeddable":true,"href":"https:\/\/iesplazadelacruz.educacion.navarra.es\/web1\/wp-json\/wp\/v2\/media\/12786"}],"wp:attachment":[{"href":"https:\/\/iesplazadelacruz.educacion.navarra.es\/web1\/wp-json\/wp\/v2\/media?parent=12785"}],"wp:term":[{"taxonomy":"category","embeddable":true,"href":"https:\/\/iesplazadelacruz.educacion.navarra.es\/web1\/wp-json\/wp\/v2\/categories?post=12785"},{"taxonomy":"post_tag","embeddable":true,"href":"https:\/\/iesplazadelacruz.educacion.navarra.es\/web1\/wp-json\/wp\/v2\/tags?post=12785"}],"curies":[{"name":"wp","href":"https:\/\/api.w.org\/{rel}","templated":true}]}}