{"id":11245,"date":"2022-07-05T09:09:13","date_gmt":"2022-07-05T07:09:13","guid":{"rendered":"https:\/\/iesplazadelacruz.educacion.navarra.es\/web1\/?p=11245"},"modified":"2022-07-05T09:09:13","modified_gmt":"2022-07-05T07:09:13","slug":"intercambio-de-libros-de-texto-3","status":"publish","type":"post","link":"https:\/\/iesplazadelacruz.educacion.navarra.es\/web1\/blog\/2022\/07\/05\/intercambio-de-libros-de-texto-3\/","title":{"rendered":"Intercambio de libros de texto"},"content":{"rendered":"\n<p>Todos los alumnos de 1\u00ba y 2\u00ba de Bachillerato, que as\u00ed lo deseen, pueden:<\/p>\n\n\n\n<ul class=\"wp-block-list\"><li>Donar los libros al centro para que el Departamento de Orientaci\u00f3n los reparta el curso que viene entre el alumnado que los necesite. Basta con traerlos y dejarlos a nombre de <em>Nieves L\u00f3pez<\/em>.<\/li><li><a href=\"https:\/\/forms.gle\/gYyY6jvCBpnpfU558\">Vender<\/a> los libros que ya no se necesitan. Resulta conveniente que nos avis\u00e9is de los libros vendidos para indicar que ya no est\u00e1n disponibles, mandando un correo a iesplazadelacruz.vicedireccion@educacion.navarra.es.<\/li><\/ul>\n\n\n\n<p>El alumnado de 4\u00ba de ESO y 1\u00ba de Bachillerato, puede:<\/p>\n\n\n\n<ul class=\"wp-block-list\"><li><a href=\"https:\/\/docs.google.com\/spreadsheets\/d\/1EhoUw7hlT0_HjA7eCvqyq-OhPtoEprOl8gD4RIrX374\/edit?usp=sharing\">Comprar<\/a> los libros de texto que venden los alumnos de cursos superiores. Resulta conveniente revisar el <a href=\"https:\/\/docs.google.com\/spreadsheets\/d\/1KE9c_Cwv_r0mmDJvX_n5gQMq1FA8pLD5LRF0XfoG2Ac\/edit?usp=sharing\">listado de libros<\/a> del curso 22-23 para saber si son los mismos.<\/li><\/ul>\n\n\n\n<p><\/p>\n","protected":false},"excerpt":{"rendered":"<p>Todos los alumnos de 1\u00ba y 2\u00ba de Bachillerato, que as\u00ed lo deseen, pueden: Donar los libros al centro para que el Departamento de Orientaci\u00f3n los reparta el curso que viene entre el alumnado que los necesite. Basta con traerlos y dejarlos a nombre de Nieves L\u00f3pez. Vender los libros que ya no se necesitan. [&hellip;]<\/p>\n","protected":false},"author":1,"featured_media":0,"comment_status":"open","ping_status":"open","sticky":false,"template":"","format":"standard","meta":{"_genesis_hide_title":false,"_genesis_hide_breadcrumbs":false,"_genesis_hide_singular_image":false,"_genesis_hide_footer_widgets":false,"_genesis_custom_body_class":"","_genesis_custom_post_class":"","_genesis_layout":"","footnotes":""},"categories":[1],"tags":[],"class_list":{"0":"post-11245","1":"post","2":"type-post","3":"status-publish","4":"format-standard","6":"category-noticias","7":"entry"},"featured_image_src":null,"featured_image_src_square":null,"author_info":{"display_name":"Administrador","author_link":"https:\/\/iesplazadelacruz.educacion.navarra.es\/web1\/blog\/author\/adminwpiesplaza\/"},"_links":{"self":[{"href":"https:\/\/iesplazadelacruz.educacion.navarra.es\/web1\/wp-json\/wp\/v2\/posts\/11245","targetHints":{"allow":["GET"]}}],"collection":[{"href":"https:\/\/iesplazadelacruz.educacion.navarra.es\/web1\/wp-json\/wp\/v2\/posts"}],"about":[{"href":"https:\/\/iesplazadelacruz.educacion.navarra.es\/web1\/wp-json\/wp\/v2\/types\/post"}],"author":[{"embeddable":true,"href":"https:\/\/iesplazadelacruz.educacion.navarra.es\/web1\/wp-json\/wp\/v2\/users\/1"}],"replies":[{"embeddable":true,"href":"https:\/\/iesplazadelacruz.educacion.navarra.es\/web1\/wp-json\/wp\/v2\/comments?post=11245"}],"version-history":[{"count":2,"href":"https:\/\/iesplazadelacruz.educacion.navarra.es\/web1\/wp-json\/wp\/v2\/posts\/11245\/revisions"}],"predecessor-version":[{"id":11271,"href":"https:\/\/iesplazadelacruz.educacion.navarra.es\/web1\/wp-json\/wp\/v2\/posts\/11245\/revisions\/11271"}],"wp:attachment":[{"href":"https:\/\/iesplazadelacruz.educacion.navarra.es\/web1\/wp-json\/wp\/v2\/media?parent=11245"}],"wp:term":[{"taxonomy":"category","embeddable":true,"href":"https:\/\/iesplazadelacruz.educacion.navarra.es\/web1\/wp-json\/wp\/v2\/categories?post=11245"},{"taxonomy":"post_tag","embeddable":true,"href":"https:\/\/iesplazadelacruz.educacion.navarra.es\/web1\/wp-json\/wp\/v2\/tags?post=11245"}],"curies":[{"name":"wp","href":"https:\/\/api.w.org\/{rel}","templated":true}]}}