{"id":10460,"date":"2022-02-21T22:01:55","date_gmt":"2022-02-21T21:01:55","guid":{"rendered":"https:\/\/iesplazadelacruz.educacion.navarra.es\/web1\/?p=10460"},"modified":"2022-03-14T13:05:20","modified_gmt":"2022-03-14T12:05:20","slug":"logo-erasmus","status":"publish","type":"post","link":"https:\/\/iesplazadelacruz.educacion.navarra.es\/web1\/blog\/2022\/02\/21\/logo-erasmus\/","title":{"rendered":"Logo de nuestro proyecto"},"content":{"rendered":"\n<p><img decoding=\"async\" src=\"https:\/\/lh6.googleusercontent.com\/kvCarsV41alE6OdNPOUdphWtGaiob3WXejI27o95PFdKezrwUVGnDBPfzxcvdBdS1VxTcx6InBS0TXGV-WTrBpeNJnpjlV4k1CUdMC4O2lh3GSPKrWlJBWA8MgsF_jhxprhXTWzY\" style=\"\">  <\/p>\n\n\n\n<p>\u00a1Pues ya tenemos el logo para nuestro proyecto de Erasmus+ \u201cLos sonidos del camino\u201d! El dise\u00f1o ha sido realizado por Juan Miguel Ventura Mart\u00ednez, estudiante de Dise\u00f1o Gr\u00e1fico, a quien agradecemos su desinteresada colaboraci\u00f3n. Representa a un peregrino que camina con su bord\u00f3n y su sombrero al son de unas notas que lo acompa\u00f1an, (en alusi\u00f3n al t\u00edtulo de nuestro programa). El color apunta a primavera y a esos parajes verdes que recorreremos muy pronto, en Zubiri, y en Italia en octubre&#8230;Las letras juegan al contraste cuando escapan de los l\u00edmites de su circunferencia. Un dise\u00f1o alegre, limpio y sencillo.<\/p>\n\n\n\n<p>A partir de ahora lo ver\u00e9is en cualquier comunicado, documento o trabajo que tenga que ver con esta iniciativa, (junto al de la Uni\u00f3n Europea y al de nuestro centro), \u00bfqu\u00e9 os parece?&nbsp;<\/p>\n","protected":false},"excerpt":{"rendered":"<p>\u00a1Pues ya tenemos el logo para nuestro proyecto de Erasmus+ \u201cLos sonidos del camino\u201d! El dise\u00f1o ha sido realizado por Juan Miguel Ventura Mart\u00ednez, estudiante de Dise\u00f1o Gr\u00e1fico, a quien agradecemos su desinteresada colaboraci\u00f3n. Representa a un peregrino que camina con su bord\u00f3n y su sombrero al son de unas notas que lo acompa\u00f1an, (en [&hellip;]<\/p>\n","protected":false},"author":1,"featured_media":0,"comment_status":"open","ping_status":"open","sticky":false,"template":"","format":"standard","meta":{"_genesis_hide_title":false,"_genesis_hide_breadcrumbs":false,"_genesis_hide_singular_image":false,"_genesis_hide_footer_widgets":false,"_genesis_custom_body_class":"","_genesis_custom_post_class":"","_genesis_layout":"","footnotes":""},"categories":[78,1],"tags":[],"class_list":{"0":"post-10460","1":"post","2":"type-post","3":"status-publish","4":"format-standard","6":"category-erasmus","7":"category-noticias","8":"entry","9":"has-post-thumbnail"},"featured_image_src":null,"featured_image_src_square":null,"author_info":{"display_name":"Administrador","author_link":"https:\/\/iesplazadelacruz.educacion.navarra.es\/web1\/blog\/author\/adminwpiesplaza\/"},"_links":{"self":[{"href":"https:\/\/iesplazadelacruz.educacion.navarra.es\/web1\/wp-json\/wp\/v2\/posts\/10460","targetHints":{"allow":["GET"]}}],"collection":[{"href":"https:\/\/iesplazadelacruz.educacion.navarra.es\/web1\/wp-json\/wp\/v2\/posts"}],"about":[{"href":"https:\/\/iesplazadelacruz.educacion.navarra.es\/web1\/wp-json\/wp\/v2\/types\/post"}],"author":[{"embeddable":true,"href":"https:\/\/iesplazadelacruz.educacion.navarra.es\/web1\/wp-json\/wp\/v2\/users\/1"}],"replies":[{"embeddable":true,"href":"https:\/\/iesplazadelacruz.educacion.navarra.es\/web1\/wp-json\/wp\/v2\/comments?post=10460"}],"version-history":[{"count":3,"href":"https:\/\/iesplazadelacruz.educacion.navarra.es\/web1\/wp-json\/wp\/v2\/posts\/10460\/revisions"}],"predecessor-version":[{"id":10609,"href":"https:\/\/iesplazadelacruz.educacion.navarra.es\/web1\/wp-json\/wp\/v2\/posts\/10460\/revisions\/10609"}],"wp:attachment":[{"href":"https:\/\/iesplazadelacruz.educacion.navarra.es\/web1\/wp-json\/wp\/v2\/media?parent=10460"}],"wp:term":[{"taxonomy":"category","embeddable":true,"href":"https:\/\/iesplazadelacruz.educacion.navarra.es\/web1\/wp-json\/wp\/v2\/categories?post=10460"},{"taxonomy":"post_tag","embeddable":true,"href":"https:\/\/iesplazadelacruz.educacion.navarra.es\/web1\/wp-json\/wp\/v2\/tags?post=10460"}],"curies":[{"name":"wp","href":"https:\/\/api.w.org\/{rel}","templated":true}]}}