{"id":10276,"date":"2022-02-10T23:34:43","date_gmt":"2022-02-10T22:34:43","guid":{"rendered":"https:\/\/iesplazadelacruz.educacion.navarra.es\/web1\/?p=10276"},"modified":"2022-02-11T09:03:59","modified_gmt":"2022-02-11T08:03:59","slug":"programa-de-autodescubrimiento","status":"publish","type":"post","link":"https:\/\/iesplazadelacruz.educacion.navarra.es\/web1\/blog\/2022\/02\/10\/programa-de-autodescubrimiento\/","title":{"rendered":"Programa de Autodescubrimiento"},"content":{"rendered":"\n<p>El alumnado que participa en el Programa de Autodescubrimiento jug\u00f3 un partido de baloncesto en el Navarra Arena contra el alumnado del IES Caro Baroja el pasado viernes. Este programa lo desarrolla la Federaci\u00f3n Navarra de baloncesto y en nuestro centro lo lidera \u00c1lex Calvo con un \u00e9xito incuestionable. <\/p>\n\n\n\n<!--more-->\n\n\n\n<figure class=\"wp-block-image size-large\"><img loading=\"lazy\" decoding=\"async\" width=\"682\" height=\"1024\" src=\"https:\/\/iesplazadelacruz.educacion.navarra.es\/web1\/wp-content\/uploads\/2022\/02\/PHOTO-2022-02-10-20-13-46-682x1024.jpg\" alt=\"\" class=\"wp-image-10278\" srcset=\"https:\/\/iesplazadelacruz.educacion.navarra.es\/web1\/wp-content\/uploads\/2022\/02\/PHOTO-2022-02-10-20-13-46-682x1024.jpg 682w, https:\/\/iesplazadelacruz.educacion.navarra.es\/web1\/wp-content\/uploads\/2022\/02\/PHOTO-2022-02-10-20-13-46-200x300.jpg 200w, https:\/\/iesplazadelacruz.educacion.navarra.es\/web1\/wp-content\/uploads\/2022\/02\/PHOTO-2022-02-10-20-13-46-768x1153.jpg 768w, https:\/\/iesplazadelacruz.educacion.navarra.es\/web1\/wp-content\/uploads\/2022\/02\/PHOTO-2022-02-10-20-13-46-1023x1536.jpg 1023w, https:\/\/iesplazadelacruz.educacion.navarra.es\/web1\/wp-content\/uploads\/2022\/02\/PHOTO-2022-02-10-20-13-46.jpg 1066w\" sizes=\"auto, (max-width: 682px) 100vw, 682px\" \/><\/figure>\n\n\n\n<figure class=\"wp-block-image size-large\"><img loading=\"lazy\" decoding=\"async\" width=\"682\" height=\"1024\" src=\"https:\/\/iesplazadelacruz.educacion.navarra.es\/web1\/wp-content\/uploads\/2022\/02\/PHOTO-2022-02-10-20-13-46-1-682x1024.jpg\" alt=\"\" class=\"wp-image-10279\" srcset=\"https:\/\/iesplazadelacruz.educacion.navarra.es\/web1\/wp-content\/uploads\/2022\/02\/PHOTO-2022-02-10-20-13-46-1-682x1024.jpg 682w, https:\/\/iesplazadelacruz.educacion.navarra.es\/web1\/wp-content\/uploads\/2022\/02\/PHOTO-2022-02-10-20-13-46-1-200x300.jpg 200w, https:\/\/iesplazadelacruz.educacion.navarra.es\/web1\/wp-content\/uploads\/2022\/02\/PHOTO-2022-02-10-20-13-46-1-768x1153.jpg 768w, https:\/\/iesplazadelacruz.educacion.navarra.es\/web1\/wp-content\/uploads\/2022\/02\/PHOTO-2022-02-10-20-13-46-1-1023x1536.jpg 1023w, https:\/\/iesplazadelacruz.educacion.navarra.es\/web1\/wp-content\/uploads\/2022\/02\/PHOTO-2022-02-10-20-13-46-1.jpg 1066w\" sizes=\"auto, (max-width: 682px) 100vw, 682px\" \/><\/figure>\n\n\n\n<figure class=\"wp-block-image size-full\"><img loading=\"lazy\" decoding=\"async\" width=\"532\" height=\"640\" src=\"https:\/\/iesplazadelacruz.educacion.navarra.es\/web1\/wp-content\/uploads\/2022\/02\/PHOTO-2022-02-10-20-13-56-2.jpg\" alt=\"\" class=\"wp-image-10280\" srcset=\"https:\/\/iesplazadelacruz.educacion.navarra.es\/web1\/wp-content\/uploads\/2022\/02\/PHOTO-2022-02-10-20-13-56-2.jpg 532w, https:\/\/iesplazadelacruz.educacion.navarra.es\/web1\/wp-content\/uploads\/2022\/02\/PHOTO-2022-02-10-20-13-56-2-249x300.jpg 249w\" sizes=\"auto, (max-width: 532px) 100vw, 532px\" \/><\/figure>\n","protected":false},"excerpt":{"rendered":"<p>El alumnado que participa en el Programa de Autodescubrimiento jug\u00f3 un partido de baloncesto en el Navarra Arena contra el alumnado del IES Caro Baroja el pasado viernes. Este programa lo desarrolla la Federaci\u00f3n Navarra de baloncesto y en nuestro centro lo lidera \u00c1lex Calvo con un \u00e9xito incuestionable.<\/p>\n","protected":false},"author":1,"featured_media":10277,"comment_status":"open","ping_status":"open","sticky":false,"template":"","format":"standard","meta":{"_genesis_hide_title":false,"_genesis_hide_breadcrumbs":false,"_genesis_hide_singular_image":false,"_genesis_hide_footer_widgets":false,"_genesis_custom_body_class":"","_genesis_custom_post_class":"","_genesis_layout":"","footnotes":""},"categories":[1],"tags":[],"class_list":{"0":"post-10276","1":"post","2":"type-post","3":"status-publish","4":"format-standard","5":"has-post-thumbnail","7":"category-noticias","8":"entry"},"featured_image_src":"https:\/\/iesplazadelacruz.educacion.navarra.es\/web1\/wp-content\/uploads\/2022\/02\/PHOTO-2022-02-10-20-13-56.jpg","featured_image_src_square":"https:\/\/iesplazadelacruz.educacion.navarra.es\/web1\/wp-content\/uploads\/2022\/02\/PHOTO-2022-02-10-20-13-56.jpg","author_info":{"display_name":"Administrador","author_link":"https:\/\/iesplazadelacruz.educacion.navarra.es\/web1\/blog\/author\/adminwpiesplaza\/"},"_links":{"self":[{"href":"https:\/\/iesplazadelacruz.educacion.navarra.es\/web1\/wp-json\/wp\/v2\/posts\/10276","targetHints":{"allow":["GET"]}}],"collection":[{"href":"https:\/\/iesplazadelacruz.educacion.navarra.es\/web1\/wp-json\/wp\/v2\/posts"}],"about":[{"href":"https:\/\/iesplazadelacruz.educacion.navarra.es\/web1\/wp-json\/wp\/v2\/types\/post"}],"author":[{"embeddable":true,"href":"https:\/\/iesplazadelacruz.educacion.navarra.es\/web1\/wp-json\/wp\/v2\/users\/1"}],"replies":[{"embeddable":true,"href":"https:\/\/iesplazadelacruz.educacion.navarra.es\/web1\/wp-json\/wp\/v2\/comments?post=10276"}],"version-history":[{"count":2,"href":"https:\/\/iesplazadelacruz.educacion.navarra.es\/web1\/wp-json\/wp\/v2\/posts\/10276\/revisions"}],"predecessor-version":[{"id":10282,"href":"https:\/\/iesplazadelacruz.educacion.navarra.es\/web1\/wp-json\/wp\/v2\/posts\/10276\/revisions\/10282"}],"wp:featuredmedia":[{"embeddable":true,"href":"https:\/\/iesplazadelacruz.educacion.navarra.es\/web1\/wp-json\/wp\/v2\/media\/10277"}],"wp:attachment":[{"href":"https:\/\/iesplazadelacruz.educacion.navarra.es\/web1\/wp-json\/wp\/v2\/media?parent=10276"}],"wp:term":[{"taxonomy":"category","embeddable":true,"href":"https:\/\/iesplazadelacruz.educacion.navarra.es\/web1\/wp-json\/wp\/v2\/categories?post=10276"},{"taxonomy":"post_tag","embeddable":true,"href":"https:\/\/iesplazadelacruz.educacion.navarra.es\/web1\/wp-json\/wp\/v2\/tags?post=10276"}],"curies":[{"name":"wp","href":"https:\/\/api.w.org\/{rel}","templated":true}]}}