{"id":10093,"date":"2022-01-24T00:22:30","date_gmt":"2022-01-23T23:22:30","guid":{"rendered":"https:\/\/iesplazadelacruz.educacion.navarra.es\/web1\/?p=10093"},"modified":"2022-01-24T09:03:51","modified_gmt":"2022-01-24T08:03:51","slug":"presentacion-de-ademan-2","status":"publish","type":"post","link":"https:\/\/iesplazadelacruz.educacion.navarra.es\/web1\/blog\/2022\/01\/24\/presentacion-de-ademan-2\/","title":{"rendered":"Presentaci\u00f3n de \u00abAdem\u00e1n\u00bb"},"content":{"rendered":"\n<p>Nuestro ex alumno Javier P\u00e9rez se acerc\u00f3 desde Madrid, donde cursa estudios de Arte Dram\u00e1tico, para presentar su mediometraje \u00bb&nbsp;Adem\u00e1n\u00bb con parte del equipo de rodaje: Isabel Florist\u00e1n y&nbsp; Lydia Del Moral, estudiantes de 2\u00ba bto H y Eva Ruiz, profesora de Artes Esc\u00e9nicas. En la pel\u00edcula tambi\u00e9n particip\u00f3 Nadia Muguiro, ex-alumna del centro del curso pasado como Javier.<br>A juzgar por los aplausos y la participaci\u00f3n del p\u00fablico, \u00abAdem\u00e1n\u00bb convenci\u00f3 a los estudiantes del bachillerato de Artes Esc\u00e9nicas&nbsp; que asistieron a la presentaci\u00f3n y al coloquio posterior. Estuvieron presentes asimismo, apoy\u00e1ndolo en su debut, sus profesores Jos\u00e9 Luis Gonz\u00e1lez, Elena Ant\u00f3n y&nbsp; Cod\u00e9s Echalecu (de Cultura y Guion Audiovisuales)<br>En el coloquio posterior a la exhibici\u00f3n, los presentes tuvieron ocasi\u00f3n de conocer de primera mano los entresijos de esta producci\u00f3n.<\/p>\n","protected":false},"excerpt":{"rendered":"<p>Nuestro ex alumno Javier P\u00e9rez se acerc\u00f3 desde Madrid, donde cursa estudios de Arte Dram\u00e1tico, para presentar su mediometraje \u00bb&nbsp;Adem\u00e1n\u00bb con parte del equipo de rodaje: Isabel Florist\u00e1n y&nbsp; Lydia Del Moral, estudiantes de 2\u00ba bto H y Eva Ruiz, profesora de Artes Esc\u00e9nicas. En la pel\u00edcula tambi\u00e9n particip\u00f3 Nadia Muguiro, ex-alumna del centro del [&hellip;]<\/p>\n","protected":false},"author":1,"featured_media":0,"comment_status":"open","ping_status":"open","sticky":false,"template":"","format":"standard","meta":{"_genesis_hide_title":false,"_genesis_hide_breadcrumbs":false,"_genesis_hide_singular_image":false,"_genesis_hide_footer_widgets":false,"_genesis_custom_body_class":"","_genesis_custom_post_class":"","_genesis_layout":"","footnotes":""},"categories":[1],"tags":[],"class_list":{"0":"post-10093","1":"post","2":"type-post","3":"status-publish","4":"format-standard","6":"category-noticias","7":"entry","8":"has-post-thumbnail"},"featured_image_src":null,"featured_image_src_square":null,"author_info":{"display_name":"Administrador","author_link":"https:\/\/iesplazadelacruz.educacion.navarra.es\/web1\/blog\/author\/adminwpiesplaza\/"},"_links":{"self":[{"href":"https:\/\/iesplazadelacruz.educacion.navarra.es\/web1\/wp-json\/wp\/v2\/posts\/10093","targetHints":{"allow":["GET"]}}],"collection":[{"href":"https:\/\/iesplazadelacruz.educacion.navarra.es\/web1\/wp-json\/wp\/v2\/posts"}],"about":[{"href":"https:\/\/iesplazadelacruz.educacion.navarra.es\/web1\/wp-json\/wp\/v2\/types\/post"}],"author":[{"embeddable":true,"href":"https:\/\/iesplazadelacruz.educacion.navarra.es\/web1\/wp-json\/wp\/v2\/users\/1"}],"replies":[{"embeddable":true,"href":"https:\/\/iesplazadelacruz.educacion.navarra.es\/web1\/wp-json\/wp\/v2\/comments?post=10093"}],"version-history":[{"count":2,"href":"https:\/\/iesplazadelacruz.educacion.navarra.es\/web1\/wp-json\/wp\/v2\/posts\/10093\/revisions"}],"predecessor-version":[{"id":10096,"href":"https:\/\/iesplazadelacruz.educacion.navarra.es\/web1\/wp-json\/wp\/v2\/posts\/10093\/revisions\/10096"}],"wp:attachment":[{"href":"https:\/\/iesplazadelacruz.educacion.navarra.es\/web1\/wp-json\/wp\/v2\/media?parent=10093"}],"wp:term":[{"taxonomy":"category","embeddable":true,"href":"https:\/\/iesplazadelacruz.educacion.navarra.es\/web1\/wp-json\/wp\/v2\/categories?post=10093"},{"taxonomy":"post_tag","embeddable":true,"href":"https:\/\/iesplazadelacruz.educacion.navarra.es\/web1\/wp-json\/wp\/v2\/tags?post=10093"}],"curies":[{"name":"wp","href":"https:\/\/api.w.org\/{rel}","templated":true}]}}