{"id":954,"date":"2023-06-03T09:32:00","date_gmt":"2023-06-03T07:32:00","guid":{"rendered":"https:\/\/iesplazadelacruz.educacion.navarra.es\/web1\/revista\/?p=954"},"modified":"2023-06-03T10:01:02","modified_gmt":"2023-06-03T08:01:02","slug":"tan-cerca-tan-lejos","status":"publish","type":"post","link":"https:\/\/iesplazadelacruz.educacion.navarra.es\/web1\/revista\/tan-cerca-tan-lejos\/","title":{"rendered":"Tan cerca, tan lejos"},"content":{"rendered":"\n<div class=\"wp-block-image\"><figure class=\"alignright size-full is-resized\"><img loading=\"lazy\" decoding=\"async\" src=\"https:\/\/iesplazadelacruz.educacion.navarra.es\/web1\/revista\/wp-content\/uploads\/sites\/3\/2023\/06\/Osasuna-1.jpg\" alt=\"\" class=\"wp-image-956\" width=\"316\" height=\"177\" \/><\/figure><\/div>\n\n\n\n<p>Este 6 de mayo de 2023 se disput\u00f3, como cada a\u00f1o, la gran final de \u201cLa Copa del Rey\u201d en el estadio ol\u00edmpico \u201cLa Cartuja\u201d en la ciudad hispalense. Osasuna y Real Madrid se enfrentar\u00edan en un fren\u00e9tico choque que anualmente paraliza el f\u00fatbol espa\u00f1ol. Miles de aficionados rojillos y merengues fueron hasta Sevilla para animar a sus equipos en la final. Horas antes del partido, en la capital andaluza, se respiraba ambiente de una gran cita, y desde luego que no nos defraud\u00f3 el encuentro. Osasuna jugaba su segunda final en 18 a\u00f1os y buscaba, por fin ser campe\u00f3n, el Real Madrid buscaba su vig\u00e9sima Copa del Rey tras 9 a\u00f1os.<\/p>\n\n\n\n<p>&nbsp;El conjunto blanco part\u00eda como favorito por encima de Osasuna, pero los aficionados rojillos confiaban en la victoria. En el partido, a pesar del gran ambiente y el ruido generado por los navarros, Rodrygo Goes adelantaba a los suyos en el minuto 2 de partido. Tras el duro golpe, Osasuna intent\u00f3 empatar el encuentro, y con la posesi\u00f3n en su poder generaron alguna ocasi\u00f3n. Pero el conjunto de Carlo Ancelotti supo resistir y mantuvo ese resultado hasta el descanso.<br><\/p>\n\n\n\n<p>Tras el paso por vestuarios, Osasuna y su afici\u00f3n salieron optimistas y con ganas de empatar el partido y no darse por vencidos. Un equipo muy ofensivo y con dominio del bal\u00f3n pill\u00f3 al Real Madrid descolocado, y Lucas Torr\u00f3 conect\u00f3 una fuerte volea rasa la cual mand\u00f3 al fondo de las mallas. El conjunto de Jagoba Arrasate tuvo unos buenos minutos despu\u00e9s del gol, y la afici\u00f3n enloquec\u00eda pero en el minuto 70 nuevamente Rodrygo, aprovech\u00f3 un rebote para marcar el segundo en su cuenta personal, y el segundo para el conjunto blanco.<\/p>\n\n\n\n<p>Osasuna no dej\u00f3 de creer en ning\u00fan momento, y la afici\u00f3n empuj\u00f3 a los suyos en busca del segundo gol.&nbsp; A pesar del ah\u00ednco rojillo el Madrid aguant\u00f3 bien y por desgracia Osasuna,tras alguna ocasi\u00f3n, no consigui\u00f3 enviar el partido al tiempo extra.<\/p>\n\n\n\n<p>Con esto el Real Madrid se proclam\u00f3 campe\u00f3n por vig\u00e9sima vez en su historia. Osasuna di\u00f3 la cara y luch\u00f3 hasta el final ante un gran rival, y a pesar de la ajustada derrota, el equipo y la afici\u00f3n, merecen un gran reconocimiento por la haza\u00f1a lograda.<\/p>\n\n\n\n<p><strong>\u00d3scar Ciurana<\/strong><\/p>\n","protected":false},"excerpt":{"rendered":"<p>\u00d3scar Ciurana<\/p>\n","protected":false},"author":5,"featured_media":955,"comment_status":"open","ping_status":"open","sticky":false,"template":"","format":"standard","meta":{"_genesis_hide_title":false,"_genesis_hide_breadcrumbs":false,"_genesis_hide_singular_image":false,"_genesis_hide_footer_widgets":false,"_genesis_custom_body_class":"","_genesis_custom_post_class":"","_genesis_layout":"","footnotes":""},"categories":[25,5],"tags":[],"class_list":{"0":"post-954","1":"post","2":"type-post","3":"status-publish","4":"format-standard","5":"has-post-thumbnail","7":"category-numero-2","8":"category-sala-de-maquinas","9":"entry"},"featured_image_src":"https:\/\/iesplazadelacruz.educacion.navarra.es\/web1\/revista\/wp-content\/uploads\/sites\/3\/2023\/06\/Osasuna.jpg","featured_image_src_square":"https:\/\/iesplazadelacruz.educacion.navarra.es\/web1\/revista\/wp-content\/uploads\/sites\/3\/2023\/06\/Osasuna.jpg","author_info":{"display_name":"Ra\u00fal Urdaci Iriarte","author_link":"https:\/\/iesplazadelacruz.educacion.navarra.es\/web1\/revista\/author\/ral_urdaci-iriarte\/"},"_links":{"self":[{"href":"https:\/\/iesplazadelacruz.educacion.navarra.es\/web1\/revista\/wp-json\/wp\/v2\/posts\/954","targetHints":{"allow":["GET"]}}],"collection":[{"href":"https:\/\/iesplazadelacruz.educacion.navarra.es\/web1\/revista\/wp-json\/wp\/v2\/posts"}],"about":[{"href":"https:\/\/iesplazadelacruz.educacion.navarra.es\/web1\/revista\/wp-json\/wp\/v2\/types\/post"}],"author":[{"embeddable":true,"href":"https:\/\/iesplazadelacruz.educacion.navarra.es\/web1\/revista\/wp-json\/wp\/v2\/users\/5"}],"replies":[{"embeddable":true,"href":"https:\/\/iesplazadelacruz.educacion.navarra.es\/web1\/revista\/wp-json\/wp\/v2\/comments?post=954"}],"version-history":[{"count":1,"href":"https:\/\/iesplazadelacruz.educacion.navarra.es\/web1\/revista\/wp-json\/wp\/v2\/posts\/954\/revisions"}],"predecessor-version":[{"id":957,"href":"https:\/\/iesplazadelacruz.educacion.navarra.es\/web1\/revista\/wp-json\/wp\/v2\/posts\/954\/revisions\/957"}],"wp:featuredmedia":[{"embeddable":true,"href":"https:\/\/iesplazadelacruz.educacion.navarra.es\/web1\/revista\/wp-json\/wp\/v2\/media\/955"}],"wp:attachment":[{"href":"https:\/\/iesplazadelacruz.educacion.navarra.es\/web1\/revista\/wp-json\/wp\/v2\/media?parent=954"}],"wp:term":[{"taxonomy":"category","embeddable":true,"href":"https:\/\/iesplazadelacruz.educacion.navarra.es\/web1\/revista\/wp-json\/wp\/v2\/categories?post=954"},{"taxonomy":"post_tag","embeddable":true,"href":"https:\/\/iesplazadelacruz.educacion.navarra.es\/web1\/revista\/wp-json\/wp\/v2\/tags?post=954"}],"curies":[{"name":"wp","href":"https:\/\/api.w.org\/{rel}","templated":true}]}}