{"id":939,"date":"2023-06-03T09:34:00","date_gmt":"2023-06-03T07:34:00","guid":{"rendered":"https:\/\/iesplazadelacruz.educacion.navarra.es\/web1\/revista\/?p=939"},"modified":"2023-06-03T10:00:43","modified_gmt":"2023-06-03T08:00:43","slug":"videos-cientificos","status":"publish","type":"post","link":"https:\/\/iesplazadelacruz.educacion.navarra.es\/web1\/revista\/videos-cientificos\/","title":{"rendered":"V\u00eddeos cient\u00edficos"},"content":{"rendered":"\n<p>Desde el Departamento de F\u00edsica y Qu\u00edmica se ha organizado el I Concurso de V\u00eddeos Cient\u00edficos del IES Plaza de la Cruz.<\/p>\n\n\n\n<p>Con una duraci\u00f3n m\u00e1xima de 5 minutos al alumnado de 2\u00baESO se le ha propuesto crear un v\u00eddeo cient\u00edfico\/divulgativo que sirva de consulta para cualquier tipo de p\u00fablico.<\/p>\n\n\n\n<p>La tem\u00e1tica era totalmente libre y pod\u00eda hacer referencia a investigaciones propias o ajenas, temas candentes en la sociedad o comunidad cient\u00edfica, pasiones cient\u00edfico-t\u00e9cnicas personales, conceptos b\u00e1sicos de ciencia, hitos cient\u00edficos, personajes hist\u00f3ricos, la ciencia del futuro o pasado, etc.&nbsp;<\/p>\n\n\n\n<p>\u00a1Aqu\u00ed os dejamos los dos v\u00eddeos ganadores!<\/p>\n\n\n\n<hr class=\"wp-block-separator\" \/>\n\n\n\n<p><strong>SIDA. Caminando hacia la cura. Kira Akerreta<\/strong><\/p>\n\n\n\n<figure class=\"wp-block-embed is-type-video is-provider-youtube wp-block-embed-youtube wp-embed-aspect-16-9 wp-has-aspect-ratio\"><div class=\"wp-block-embed__wrapper\">\n<iframe loading=\"lazy\" title=\"SIDA Caminando hacia la cura\" width=\"500\" height=\"281\" src=\"https:\/\/www.youtube.com\/embed\/dfsdUJ0L-78?feature=oembed\" frameborder=\"0\" allow=\"accelerometer; autoplay; clipboard-write; encrypted-media; gyroscope; picture-in-picture; web-share\" referrerpolicy=\"strict-origin-when-cross-origin\" allowfullscreen><\/iframe>\n<\/div><\/figure>\n\n\n\n<hr class=\"wp-block-separator\" \/>\n\n\n\n<p><strong>HOW TO CREATE AN HOLOGRAM IN A EASY WAY.&nbsp; Anne Cedr\u00f3n y Aitana Ben\u00edtez<\/strong><\/p>\n\n\n\n<p><\/p>\n\n\n\n<figure class=\"wp-block-embed is-type-video is-provider-youtube wp-block-embed-youtube wp-embed-aspect-16-9 wp-has-aspect-ratio\"><div class=\"wp-block-embed__wrapper\">\n<iframe loading=\"lazy\" title=\"How to do a hologram in a easy way?\" width=\"500\" height=\"281\" src=\"https:\/\/www.youtube.com\/embed\/GS9pfSHkMd8?feature=oembed\" frameborder=\"0\" allow=\"accelerometer; autoplay; clipboard-write; encrypted-media; gyroscope; picture-in-picture; web-share\" referrerpolicy=\"strict-origin-when-cross-origin\" allowfullscreen><\/iframe>\n<\/div><\/figure>\n","protected":false},"excerpt":{"rendered":"<p>Kira Akerreta, Anne Cedr\u00f3n y Aitana Ben\u00edtez<\/p>\n","protected":false},"author":5,"featured_media":940,"comment_status":"open","ping_status":"open","sticky":false,"template":"","format":"standard","meta":{"_genesis_hide_title":false,"_genesis_hide_breadcrumbs":false,"_genesis_hide_singular_image":false,"_genesis_hide_footer_widgets":false,"_genesis_custom_body_class":"","_genesis_custom_post_class":"","_genesis_layout":"","footnotes":""},"categories":[10,25],"tags":[],"class_list":{"0":"post-939","1":"post","2":"type-post","3":"status-publish","4":"format-standard","5":"has-post-thumbnail","7":"category-la-ciencia-a-mano","8":"category-numero-2","9":"entry"},"featured_image_src":"https:\/\/iesplazadelacruz.educacion.navarra.es\/web1\/revista\/wp-content\/uploads\/sites\/3\/2023\/06\/sida-600x400.jpg","featured_image_src_square":"https:\/\/iesplazadelacruz.educacion.navarra.es\/web1\/revista\/wp-content\/uploads\/sites\/3\/2023\/06\/sida-600x525.jpg","author_info":{"display_name":"Ra\u00fal Urdaci Iriarte","author_link":"https:\/\/iesplazadelacruz.educacion.navarra.es\/web1\/revista\/author\/ral_urdaci-iriarte\/"},"_links":{"self":[{"href":"https:\/\/iesplazadelacruz.educacion.navarra.es\/web1\/revista\/wp-json\/wp\/v2\/posts\/939","targetHints":{"allow":["GET"]}}],"collection":[{"href":"https:\/\/iesplazadelacruz.educacion.navarra.es\/web1\/revista\/wp-json\/wp\/v2\/posts"}],"about":[{"href":"https:\/\/iesplazadelacruz.educacion.navarra.es\/web1\/revista\/wp-json\/wp\/v2\/types\/post"}],"author":[{"embeddable":true,"href":"https:\/\/iesplazadelacruz.educacion.navarra.es\/web1\/revista\/wp-json\/wp\/v2\/users\/5"}],"replies":[{"embeddable":true,"href":"https:\/\/iesplazadelacruz.educacion.navarra.es\/web1\/revista\/wp-json\/wp\/v2\/comments?post=939"}],"version-history":[{"count":2,"href":"https:\/\/iesplazadelacruz.educacion.navarra.es\/web1\/revista\/wp-json\/wp\/v2\/posts\/939\/revisions"}],"predecessor-version":[{"id":971,"href":"https:\/\/iesplazadelacruz.educacion.navarra.es\/web1\/revista\/wp-json\/wp\/v2\/posts\/939\/revisions\/971"}],"wp:featuredmedia":[{"embeddable":true,"href":"https:\/\/iesplazadelacruz.educacion.navarra.es\/web1\/revista\/wp-json\/wp\/v2\/media\/940"}],"wp:attachment":[{"href":"https:\/\/iesplazadelacruz.educacion.navarra.es\/web1\/revista\/wp-json\/wp\/v2\/media?parent=939"}],"wp:term":[{"taxonomy":"category","embeddable":true,"href":"https:\/\/iesplazadelacruz.educacion.navarra.es\/web1\/revista\/wp-json\/wp\/v2\/categories?post=939"},{"taxonomy":"post_tag","embeddable":true,"href":"https:\/\/iesplazadelacruz.educacion.navarra.es\/web1\/revista\/wp-json\/wp\/v2\/tags?post=939"}],"curies":[{"name":"wp","href":"https:\/\/api.w.org\/{rel}","templated":true}]}}