{"id":920,"date":"2023-06-03T01:37:24","date_gmt":"2023-06-02T23:37:24","guid":{"rendered":"https:\/\/iesplazadelacruz.educacion.navarra.es\/web1\/revista\/?p=920"},"modified":"2023-06-03T09:46:30","modified_gmt":"2023-06-03T07:46:30","slug":"artemisa-vs-atena","status":"publish","type":"post","link":"https:\/\/iesplazadelacruz.educacion.navarra.es\/web1\/revista\/artemisa-vs-atena\/","title":{"rendered":"Artemisa vs Atena"},"content":{"rendered":"\n<p>Todo el mundo gritaba, el odio emanaba de sus cuerpos como el polvo de una vieja caja, por un instante todo se qued\u00f3 en silencio; los pasos de dos figuras femeninas hicieron presencia.<\/p>\n\n\n\n<p>&#8211; Atena. &#8211; la voz de la mujer escup\u00eda repugnancia y odio, ten\u00eda la mirada al borde las l\u00e1grimas &#8211; \u00bfHas vuelto por algo en concreto o est\u00e1s de paso?<\/p>\n\n\n\n<p>&#8211; He vuelto porque ya no quiero pelear contigo, Artemisa, \u00e9ramos amigas y&#8230; &#8211; la mano alzada de su contendiente la hizo frenarse, Artemisa se negar\u00eda a escuchar las pr\u00f3ximas palabras que salieran de su boca.<\/p>\n\n\n\n<p>&#8211; \u00bfC\u00f3mo puedo creerte si me ment\u00edas en la cara haci\u00e9ndote pasar por humana? &#8211; el pasado ard\u00eda en su piel como las brasas hacen arder la madera.<\/p>\n\n\n\n<p>&#8211; \u16d2\u16d6\u16b1\u16de\u16a8\u16de. &#8211; un cuadro se pint\u00f3 frente a la l\u00edder humana, se mostraba una Atena ahogada en l\u00e1grimas recibiendo la corona de an\u00e9monas azules que anunciaban a la nueva l\u00edder de la orden arcana. &#8211; Por eso puedes creer en m\u00ed.<\/p>\n\n\n\n<p>Un silencio sepulcral hizo acto de presencia, nadie mov\u00eda un m\u00fasculo, estaban expectantes al siguiente movimiento&nbsp; de alguna de ellas dos; pero no fueron las viejas amigas quienes rompieron el mutismo de esa escena enclavada en la historia como una estaca.<\/p>\n\n\n\n<p>&#8211; \u00a1Muerte a los humanos! &#8211; grit\u00f3 una joven arcana al tiempo que corr\u00eda enfurecida para clavar su espada en el vientre de Artemisa.<\/p>\n\n\n\n<p>El l\u00edquido rojo brotaba sin cesar, la tristeza y el miedo sal\u00edan hasta por los poros de sus sudorosas caras; Artemisa cay\u00f3 sobre sus rodillas y Atena se abalanz\u00f3 sobre su amiga antes de que su inerte cuerpo llegara al suelo.<\/p>\n\n\n\n<p>&#8211; \u16d2\u16d6\u16be\u16b7\u16a8\u16be\u16ca\u16a8. &#8211; en menos de un segundo, la joven que asesin\u00f3 a la l\u00edder humana hab\u00eda sido atravesada con su misma espada.<\/p>\n\n\n\n<p>Nadie se atrevi\u00f3 a decir nada mientras que Atena lloraba desconsolada sobre el cuerpo de la persona que m\u00e1s amaba. Sus l\u00e1grimas ca\u00edan en las mejillas de Artemisa&#8230;<\/p>\n\n\n\n<p><strong>Guadalupe Barne Torres<\/strong><\/p>\n","protected":false},"excerpt":{"rendered":"<p>Guadalupe Barne Torres<\/p>\n","protected":false},"author":5,"featured_media":987,"comment_status":"open","ping_status":"open","sticky":false,"template":"","format":"standard","meta":{"_genesis_hide_title":false,"_genesis_hide_breadcrumbs":false,"_genesis_hide_singular_image":false,"_genesis_hide_footer_widgets":false,"_genesis_custom_body_class":"","_genesis_custom_post_class":"","_genesis_layout":"","footnotes":""},"categories":[3,25],"tags":[21],"class_list":{"0":"post-920","1":"post","2":"type-post","3":"status-publish","4":"format-standard","5":"has-post-thumbnail","7":"category-espacio-literario","8":"category-numero-2","9":"tag-griego","10":"entry"},"featured_image_src":"https:\/\/iesplazadelacruz.educacion.navarra.es\/web1\/revista\/wp-content\/uploads\/sites\/3\/2023\/06\/2d77864978602bc695696896586f12c2-600x400.jpg","featured_image_src_square":"https:\/\/iesplazadelacruz.educacion.navarra.es\/web1\/revista\/wp-content\/uploads\/sites\/3\/2023\/06\/2d77864978602bc695696896586f12c2-600x500.jpg","author_info":{"display_name":"Ra\u00fal Urdaci Iriarte","author_link":"https:\/\/iesplazadelacruz.educacion.navarra.es\/web1\/revista\/author\/ral_urdaci-iriarte\/"},"_links":{"self":[{"href":"https:\/\/iesplazadelacruz.educacion.navarra.es\/web1\/revista\/wp-json\/wp\/v2\/posts\/920","targetHints":{"allow":["GET"]}}],"collection":[{"href":"https:\/\/iesplazadelacruz.educacion.navarra.es\/web1\/revista\/wp-json\/wp\/v2\/posts"}],"about":[{"href":"https:\/\/iesplazadelacruz.educacion.navarra.es\/web1\/revista\/wp-json\/wp\/v2\/types\/post"}],"author":[{"embeddable":true,"href":"https:\/\/iesplazadelacruz.educacion.navarra.es\/web1\/revista\/wp-json\/wp\/v2\/users\/5"}],"replies":[{"embeddable":true,"href":"https:\/\/iesplazadelacruz.educacion.navarra.es\/web1\/revista\/wp-json\/wp\/v2\/comments?post=920"}],"version-history":[{"count":1,"href":"https:\/\/iesplazadelacruz.educacion.navarra.es\/web1\/revista\/wp-json\/wp\/v2\/posts\/920\/revisions"}],"predecessor-version":[{"id":922,"href":"https:\/\/iesplazadelacruz.educacion.navarra.es\/web1\/revista\/wp-json\/wp\/v2\/posts\/920\/revisions\/922"}],"wp:featuredmedia":[{"embeddable":true,"href":"https:\/\/iesplazadelacruz.educacion.navarra.es\/web1\/revista\/wp-json\/wp\/v2\/media\/987"}],"wp:attachment":[{"href":"https:\/\/iesplazadelacruz.educacion.navarra.es\/web1\/revista\/wp-json\/wp\/v2\/media?parent=920"}],"wp:term":[{"taxonomy":"category","embeddable":true,"href":"https:\/\/iesplazadelacruz.educacion.navarra.es\/web1\/revista\/wp-json\/wp\/v2\/categories?post=920"},{"taxonomy":"post_tag","embeddable":true,"href":"https:\/\/iesplazadelacruz.educacion.navarra.es\/web1\/revista\/wp-json\/wp\/v2\/tags?post=920"}],"curies":[{"name":"wp","href":"https:\/\/api.w.org\/{rel}","templated":true}]}}