{"id":645,"date":"2022-04-16T14:02:00","date_gmt":"2022-04-16T12:02:00","guid":{"rendered":"https:\/\/iesplazadelacruz.educacion.navarra.es\/web1\/revista\/?p=645"},"modified":"2022-05-10T11:38:29","modified_gmt":"2022-05-10T09:38:29","slug":"saludos-griegos","status":"publish","type":"post","link":"https:\/\/iesplazadelacruz.educacion.navarra.es\/web1\/revista\/saludos-griegos\/","title":{"rendered":"\u00a1Saludos, griegos!"},"content":{"rendered":"\n<div class=\"wp-block-image\"><figure class=\"aligncenter size-medium is-resized\"><img loading=\"lazy\" decoding=\"async\" src=\"https:\/\/iesplazadelacruz.educacion.navarra.es\/web1\/revista\/wp-content\/uploads\/sites\/3\/2022\/05\/Copia-de-PASEO-DE-LA-FAMA-DEL-OLIMPO-300x300.png\" alt=\"\" class=\"wp-image-646\" width=\"270\" height=\"270\" srcset=\"https:\/\/iesplazadelacruz.educacion.navarra.es\/web1\/revista\/wp-content\/uploads\/sites\/3\/2022\/05\/Copia-de-PASEO-DE-LA-FAMA-DEL-OLIMPO-300x300.png 300w, https:\/\/iesplazadelacruz.educacion.navarra.es\/web1\/revista\/wp-content\/uploads\/sites\/3\/2022\/05\/Copia-de-PASEO-DE-LA-FAMA-DEL-OLIMPO-150x150.png 150w, https:\/\/iesplazadelacruz.educacion.navarra.es\/web1\/revista\/wp-content\/uploads\/sites\/3\/2022\/05\/Copia-de-PASEO-DE-LA-FAMA-DEL-OLIMPO-100x100.png 100w, https:\/\/iesplazadelacruz.educacion.navarra.es\/web1\/revista\/wp-content\/uploads\/sites\/3\/2022\/05\/Copia-de-PASEO-DE-LA-FAMA-DEL-OLIMPO.png 500w\" sizes=\"auto, (max-width: 270px) 100vw, 270px\" \/><\/figure><\/div>\n\n\n\n<p>El alumnado de 1\u00baF del bachillerato human\u00edstico ha querido ponerse en la piel de algunos de los dioses y h\u00e9roes griegos m\u00e1s importantes. Para ello, cada uno de nosotros, con ayuda de algunas personas cercanas o familiares, ha hecho un <em>podcast <\/em>en el que contamos la vida del dios o diosa correspondiente en primera persona. Al finalizar el proyecto se realiz\u00f3 una exposici\u00f3n de c\u00f3digos QR, a trav\u00e9s de los cuales se pod\u00eda escuchar de manera detenida y did\u00e1ctica los <em>podcasts<\/em> de algunos de estos personajes relevantes de la mitolog\u00eda griega, como Hestia, Afrodita, Medusa, Dioniso, Hades\u2026 entre otros. <\/p>\n\n\n\n<p><\/p>\n\n\n\n<div class=\"wp-block-image\"><figure class=\"aligncenter size-full is-resized\"><img loading=\"lazy\" decoding=\"async\" src=\"https:\/\/iesplazadelacruz.educacion.navarra.es\/web1\/revista\/wp-content\/uploads\/sites\/3\/2022\/05\/greigo1.png\" alt=\"\" class=\"wp-image-647\" width=\"289\" height=\"384\" \/><\/figure><\/div>\n\n\n\n<hr class=\"wp-block-separator\" \/>\n\n\n\n<p>Gracias a esta presentaci\u00f3n los alumnos de cultura cl\u00e1sica pudieron obtener unas claras ideas sobre los pensamientos de estos c\u00e9lebres personajes, adem\u00e1s de dar a conocer y generar inter\u00e9s en la mitolog\u00eda y cultura griega en el resto del instituto.<\/p>\n\n\n\n<div class=\"wp-block-image\"><figure class=\"aligncenter size-full\"><img loading=\"lazy\" decoding=\"async\" width=\"213\" height=\"285\" src=\"https:\/\/iesplazadelacruz.educacion.navarra.es\/web1\/revista\/wp-content\/uploads\/sites\/3\/2022\/05\/griego2.png\" alt=\"\" class=\"wp-image-648\" \/><\/figure><\/div>\n\n\n\n<p><strong>Mar\u00eda Jade Orellana Berd\u00faguez y Sergio Ramos Jim\u00e9nez<\/strong><\/p>\n","protected":false},"excerpt":{"rendered":"<p>Mar\u00eda Jade Orellana Berd\u00faguez y Sergio Ramos Jim\u00e9nez<\/p>\n","protected":false},"author":5,"featured_media":646,"comment_status":"open","ping_status":"open","sticky":false,"template":"","format":"standard","meta":{"_genesis_hide_title":false,"_genesis_hide_breadcrumbs":false,"_genesis_hide_singular_image":false,"_genesis_hide_footer_widgets":false,"_genesis_custom_body_class":"","_genesis_custom_post_class":"","_genesis_layout":"","footnotes":""},"categories":[1],"tags":[21],"class_list":{"0":"post-645","1":"post","2":"type-post","3":"status-publish","4":"format-standard","5":"has-post-thumbnail","7":"category-noticias","8":"tag-griego","9":"entry"},"featured_image_src":"https:\/\/iesplazadelacruz.educacion.navarra.es\/web1\/revista\/wp-content\/uploads\/sites\/3\/2022\/05\/Copia-de-PASEO-DE-LA-FAMA-DEL-OLIMPO-500x400.png","featured_image_src_square":"https:\/\/iesplazadelacruz.educacion.navarra.es\/web1\/revista\/wp-content\/uploads\/sites\/3\/2022\/05\/Copia-de-PASEO-DE-LA-FAMA-DEL-OLIMPO.png","author_info":{"display_name":"Ra\u00fal Urdaci Iriarte","author_link":"https:\/\/iesplazadelacruz.educacion.navarra.es\/web1\/revista\/author\/ral_urdaci-iriarte\/"},"_links":{"self":[{"href":"https:\/\/iesplazadelacruz.educacion.navarra.es\/web1\/revista\/wp-json\/wp\/v2\/posts\/645","targetHints":{"allow":["GET"]}}],"collection":[{"href":"https:\/\/iesplazadelacruz.educacion.navarra.es\/web1\/revista\/wp-json\/wp\/v2\/posts"}],"about":[{"href":"https:\/\/iesplazadelacruz.educacion.navarra.es\/web1\/revista\/wp-json\/wp\/v2\/types\/post"}],"author":[{"embeddable":true,"href":"https:\/\/iesplazadelacruz.educacion.navarra.es\/web1\/revista\/wp-json\/wp\/v2\/users\/5"}],"replies":[{"embeddable":true,"href":"https:\/\/iesplazadelacruz.educacion.navarra.es\/web1\/revista\/wp-json\/wp\/v2\/comments?post=645"}],"version-history":[{"count":9,"href":"https:\/\/iesplazadelacruz.educacion.navarra.es\/web1\/revista\/wp-json\/wp\/v2\/posts\/645\/revisions"}],"predecessor-version":[{"id":740,"href":"https:\/\/iesplazadelacruz.educacion.navarra.es\/web1\/revista\/wp-json\/wp\/v2\/posts\/645\/revisions\/740"}],"wp:featuredmedia":[{"embeddable":true,"href":"https:\/\/iesplazadelacruz.educacion.navarra.es\/web1\/revista\/wp-json\/wp\/v2\/media\/646"}],"wp:attachment":[{"href":"https:\/\/iesplazadelacruz.educacion.navarra.es\/web1\/revista\/wp-json\/wp\/v2\/media?parent=645"}],"wp:term":[{"taxonomy":"category","embeddable":true,"href":"https:\/\/iesplazadelacruz.educacion.navarra.es\/web1\/revista\/wp-json\/wp\/v2\/categories?post=645"},{"taxonomy":"post_tag","embeddable":true,"href":"https:\/\/iesplazadelacruz.educacion.navarra.es\/web1\/revista\/wp-json\/wp\/v2\/tags?post=645"}],"curies":[{"name":"wp","href":"https:\/\/api.w.org\/{rel}","templated":true}]}}