{"id":532,"date":"2022-04-17T10:09:00","date_gmt":"2022-04-17T08:09:00","guid":{"rendered":"https:\/\/iesplazadelacruz.educacion.navarra.es\/web1\/revista\/?p=532"},"modified":"2022-04-28T17:39:06","modified_gmt":"2022-04-28T15:39:06","slug":"para-que-sirve-aprender-historia","status":"publish","type":"post","link":"https:\/\/iesplazadelacruz.educacion.navarra.es\/web1\/revista\/para-que-sirve-aprender-historia\/","title":{"rendered":"\u00bfPara qu\u00e9 sirve aprender historia?"},"content":{"rendered":"\n<div class=\"wp-block-image is-style-default\"><figure class=\"alignright size-medium is-resized\"><img loading=\"lazy\" decoding=\"async\" src=\"https:\/\/iesplazadelacruz.educacion.navarra.es\/web1\/revista\/wp-content\/uploads\/sites\/3\/2022\/04\/collage-300x300.jpg\" alt=\"\" class=\"wp-image-533\" width=\"369\" height=\"369\" \/><\/figure><\/div>\n\n\n\n<p>Muchos son los estudiantes de la ESO, e incluso de bachiller, que se plantean esta pregunta. Cansados de estudiar y memorizar a base de cabezazos contra la pared; intentando estudiar algo que no les gusta o que se les hace complicado; pregunt\u00e1ndose si realmente la historia contiene suficiente valor e importancia en s\u00ed misma como para que sea una asignatura tomada con nota y evaluaci\u00f3n. Y la verdad es que desde mi punto de vista es penoso estudiar algo que no tiene importancia en nuestro mundo actual, o quiz\u00e1s es que no somos lo suficientemente conscientes de ello.<\/p>\n\n\n\n<p>Aunque nos parezca insignificante e incluso aburrida, la historia de la humanidad esconde todo tipo de valores, virtudes, haza\u00f1as\u2026 Realmente aguarda grandes y valiosos tesoros. Desde el inicio de las&nbsp; civilizaciones m\u00e1s importantes de la cultura cl\u00e1sica, como lo son Grecia y Roma, agraciadas fuentes de cultura para los pa\u00edses de occidente; hasta su fin y decadencia. El auge y declive de toda cultura relatada en la historia esconde un tesoro incalculable, y es que de tanto lo bueno como de lo malo se puede aprender y sacar una lecci\u00f3n de provecho. Desde c\u00f3mo y qu\u00e9 hizo falta para que surgiera un pueblo y ladrillo a ladrillo se fuera transformando en un imperio; hasta saber qu\u00e9 o cu\u00e1les fueron los banales errores que arrastraron dicha cultura, con toda su sabidur\u00eda, arte, arquitectura, costumbres y gente, a un final catastr\u00f3fico y silencioso con el pasar de los tiempos. El bullicio de la ciudad acaba siendo un silencio de muerte sepulcral al que solo los historiadores y arque\u00f3logos pueden devolverle la m\u00fasica y vida con el objetivo de que todo el esfuerzo de dicho pueblo se reconozca. A resumidas cuentas, conocer la historia permite saber de d\u00f3nde y c\u00f3mo venimos, para luego pensar por nosotros mismos qu\u00e9 hacemos, y por \u00faltimo, a d\u00f3nde iremos. Y, \u00bfqu\u00e9 mejor que hacerlo aprendiendo de los errores de nuestros ancestros? Lo mejor ser\u00eda no volver a caer como humanidad en la misma piedra de siempre, sino AVANZAR.&nbsp;<\/p>\n\n\n\n<p>Otro tema es tambi\u00e9n si la mejor manera de estudiar esta asignatura es tal y como se est\u00e1 haciendo en Espa\u00f1a actualmente, pero eso es otro mundo del que otro d\u00eda hablaremos, ya que se pueden decir muchas cosas acerca del sistema educativo.&nbsp;<\/p>\n\n\n\n<p>En resumen, la pr\u00f3xima vez que te cuestiones el valor de conocer el pasado de tus antepasados, recuerda que sin la historia no avanzar\u00edamos en el presente y futuro, y es que adem\u00e1s es una gran ayuda para responder a las tres grandes cuestiones filos\u00f3ficas: \u00bfde d\u00f3nde venimos?\u00bfQu\u00e9 hacemos? Y, \u00bfa d\u00f3nde vamos?<\/p>\n\n\n\n<p><strong>Steven Ren\u00e9 Morocho Valarezo<\/strong><\/p>\n","protected":false},"excerpt":{"rendered":"<p>Steven Ren\u00e9 Morocho Valarezo<\/p>\n","protected":false},"author":5,"featured_media":533,"comment_status":"open","ping_status":"open","sticky":false,"template":"","format":"standard","meta":{"_genesis_hide_title":false,"_genesis_hide_breadcrumbs":false,"_genesis_hide_singular_image":false,"_genesis_hide_footer_widgets":false,"_genesis_custom_body_class":"","_genesis_custom_post_class":"","_genesis_layout":"","footnotes":""},"categories":[6],"tags":[],"class_list":{"0":"post-532","1":"post","2":"type-post","3":"status-publish","4":"format-standard","5":"has-post-thumbnail","7":"category-opinamos","8":"entry"},"featured_image_src":"https:\/\/iesplazadelacruz.educacion.navarra.es\/web1\/revista\/wp-content\/uploads\/sites\/3\/2022\/04\/collage-e1651160323282.jpg","featured_image_src_square":"https:\/\/iesplazadelacruz.educacion.navarra.es\/web1\/revista\/wp-content\/uploads\/sites\/3\/2022\/04\/collage-e1651160323282.jpg","author_info":{"display_name":"Ra\u00fal Urdaci Iriarte","author_link":"https:\/\/iesplazadelacruz.educacion.navarra.es\/web1\/revista\/author\/ral_urdaci-iriarte\/"},"_links":{"self":[{"href":"https:\/\/iesplazadelacruz.educacion.navarra.es\/web1\/revista\/wp-json\/wp\/v2\/posts\/532","targetHints":{"allow":["GET"]}}],"collection":[{"href":"https:\/\/iesplazadelacruz.educacion.navarra.es\/web1\/revista\/wp-json\/wp\/v2\/posts"}],"about":[{"href":"https:\/\/iesplazadelacruz.educacion.navarra.es\/web1\/revista\/wp-json\/wp\/v2\/types\/post"}],"author":[{"embeddable":true,"href":"https:\/\/iesplazadelacruz.educacion.navarra.es\/web1\/revista\/wp-json\/wp\/v2\/users\/5"}],"replies":[{"embeddable":true,"href":"https:\/\/iesplazadelacruz.educacion.navarra.es\/web1\/revista\/wp-json\/wp\/v2\/comments?post=532"}],"version-history":[{"count":1,"href":"https:\/\/iesplazadelacruz.educacion.navarra.es\/web1\/revista\/wp-json\/wp\/v2\/posts\/532\/revisions"}],"predecessor-version":[{"id":534,"href":"https:\/\/iesplazadelacruz.educacion.navarra.es\/web1\/revista\/wp-json\/wp\/v2\/posts\/532\/revisions\/534"}],"wp:featuredmedia":[{"embeddable":true,"href":"https:\/\/iesplazadelacruz.educacion.navarra.es\/web1\/revista\/wp-json\/wp\/v2\/media\/533"}],"wp:attachment":[{"href":"https:\/\/iesplazadelacruz.educacion.navarra.es\/web1\/revista\/wp-json\/wp\/v2\/media?parent=532"}],"wp:term":[{"taxonomy":"category","embeddable":true,"href":"https:\/\/iesplazadelacruz.educacion.navarra.es\/web1\/revista\/wp-json\/wp\/v2\/categories?post=532"},{"taxonomy":"post_tag","embeddable":true,"href":"https:\/\/iesplazadelacruz.educacion.navarra.es\/web1\/revista\/wp-json\/wp\/v2\/tags?post=532"}],"curies":[{"name":"wp","href":"https:\/\/api.w.org\/{rel}","templated":true}]}}